{"id":98676,"date":"2026-09-06T13:26:19","date_gmt":"2026-09-06T13:26:19","guid":{"rendered":"https:\/\/www.fanzword.com\/?p=98676"},"modified":"2026-09-06T13:26:19","modified_gmt":"2026-09-06T13:26:19","slug":"malgre-les-critiques-la-fifa-confirme-la-candidature-dinfantino-pour-2027","status":"publish","type":"post","link":"https:\/\/www.fanzword.com\/fr\/malgre-les-critiques-la-fifa-confirme-la-candidature-dinfantino-pour-2027\/","title":{"rendered":"Malgr\u00e9 les critiques, la FIFA confirme la candidature d&rsquo;Infantino pour 2027"},"content":{"rendered":"<div class=\"container\">\n<div id=\"model-response-message-contentr_e3f1cb5f0e9c5bdc\" class=\"markdown markdown-main-panel md-content enable-luminous-fast-follows enable-updated-hr-color stronger\" dir=\"ltr\" aria-busy=\"false\" aria-live=\"polite\">\n<p data-path-to-node=\"20\">La FIFA a mis fin aux sp\u00e9culations entourant l&rsquo;avenir de Gianni Infantino en confirmant que le pr\u00e9sident actuel sera bel et bien candidat \u00e0 sa r\u00e9\u00e9lection en 2027, malgr\u00e9 la mont\u00e9e des critiques et les appels au changement au sein de l&rsquo;instance supr\u00eame du football mondial.<\/p>\n<p data-path-to-node=\"21\">Cette mise au point intervient quelques heures apr\u00e8s le refus d&rsquo;Infantino de r\u00e9pondre aux questions concernant une \u00e9ventuelle d\u00e9mission ou un retrait de la course lors de l&rsquo;ouverture de la Coupe du Monde F\u00e9minine U-20 en Pologne, se contentant de d\u00e9clarer que son avenir serait \u00e9voqu\u00e9 en \u00ab temps et lieu opportuns \u00bb.<\/p>\n<p data-path-to-node=\"22\"><b data-path-to-node=\"22\" data-index-in-node=\"0\">Infantino refuse de se retirer de la course \u00e0 la pr\u00e9sidence de la FIFA<\/b><\/p>\n<p data-path-to-node=\"23\">Un porte-parole de la FIFA a d\u00e9clar\u00e9 : \u00ab Le pr\u00e9sident de la FIFA a annonc\u00e9 en avril qu&rsquo;il briguerait un nouveau mandat en 2027. Rien n&rsquo;a chang\u00e9, M. Infantino sera candidat. \u00bb Le scrutin est pr\u00e9vu \u00e0 Rabat le 18 mars 2027, tandis que la date limite de d\u00e9p\u00f4t des candidatures est fix\u00e9e au 18 novembre 2026.<\/p>\n<p data-path-to-node=\"24\">Le maintien de la candidature d&rsquo;Infantino survient apr\u00e8s la crise la plus aigu\u00eb de son d\u00e9cennat \u00e0 la t\u00eate de l&rsquo;instance. Il a \u00e9t\u00e9 contraint de retirer le projet \u00ab FIFA Forward Enterprise \u00bb, qui visait \u00e0 cr\u00e9er une entit\u00e9 de 20 milliards de dollars et \u00e0 c\u00e9der 20 % des droits commerciaux des comp\u00e9titions de la FIFA \u00e0 des investisseurs priv\u00e9s pour environ 4,2 milliards de dollars, face \u00e0 l&rsquo;opposition ferme de l&rsquo;UEFA et de plusieurs conf\u00e9d\u00e9rations et f\u00e9d\u00e9rations nationales.<\/p>\n<p data-path-to-node=\"25\">Les critiques se sont \u00e9galement intensifi\u00e9es en raison de sa proximit\u00e9 avec le pr\u00e9sident am\u00e9ricain Donald Trump. Initi\u00e9e publiquement lors du premier mandat de ce dernier, cette relation a vu Infantino qualifier Trump de \u00ab grand ami \u00bb, assister \u00e0 son investiture et lui d\u00e9cerner le premier Prix de la Paix de la FIFA. La pol\u00e9mique s&rsquo;est amplifi\u00e9e lorsque Trump a affirm\u00e9 \u00eatre intervenu dans la r\u00e9vision de la suspension de l&rsquo;attaquant am\u00e9ricain Folarin Balogun lors de la Coupe du Monde, peine transform\u00e9e par la suite en sursis, suscitant des accusations d&rsquo;atteinte \u00e0 l&rsquo;ind\u00e9pendance des instances disciplinaires et \u00e0 la neutralit\u00e9 politique.<\/p>\n<p data-path-to-node=\"26\">Des f\u00e9d\u00e9rations europ\u00e9ennes majeures, dont les f\u00e9d\u00e9rations anglaise et italienne, ont retir\u00e9 leur soutien \u00e0 la candidature d&rsquo;Infantino. Si le pr\u00e9sident de l&rsquo;UEFA, Aleksander \u010ceferin, a exclu de se pr\u00e9senter, il a dit s&rsquo;attendre \u00e0 l&rsquo;\u00e9mergence d&rsquo;un rival. Le Canadien Victor Montagliani, pr\u00e9sident de la CONCACAF et vice-pr\u00e9sident de la FIFA, est le nom le plus fr\u00e9quemment cit\u00e9 comme candidat potentiel soutenu par l&rsquo;Europe, bien qu&rsquo;il n&rsquo;ait pas encore officialis\u00e9 sa d\u00e9marche.<\/p>\n<p data-path-to-node=\"27\"><b data-path-to-node=\"27\" data-index-in-node=\"0\">Le parcours de Gianni Infantino dans les instances du football<\/b><\/p>\n<p data-path-to-node=\"28\">Juriste suisse d&rsquo;origine italienne, Infantino a rejoint l&rsquo;UEFA en 2000, gravissant les \u00e9chelons des services juridiques avant d&rsquo;\u00eatre nomm\u00e9 secr\u00e9taire g\u00e9n\u00e9ral en 2009. Il a \u00e9t\u00e9 \u00e9lu pr\u00e9sident de la FIFA en f\u00e9vrier 2016 \u00e0 la suite de la crise qui a mis fin \u00e0 l&rsquo;\u00e8re Sepp Blatter, puis r\u00e9\u00e9lu par acclamation en 2019 et 2023.<\/p>\n<p data-path-to-node=\"29\">Son mandat a \u00e9t\u00e9 marqu\u00e9 par l&rsquo;introduction de l&rsquo;assistance vid\u00e9o \u00e0 l&rsquo;arbitrage (VAR), le passage de la Coupe du Monde \u00e0 48 \u00e9quipes et l&rsquo;augmentation des fonds de d\u00e9veloppement, la FIFA faisant \u00e9tat de plus de 5 milliards de dollars investis aupr\u00e8s des f\u00e9d\u00e9rations membres depuis 2016. Infantino conserve un appui solide en Afrique, en Asie et en Am\u00e9rique du Sud, ayant recueilli le soutien de plus de 200 f\u00e9d\u00e9rations avant les r\u00e9centes tensions. L&rsquo;\u00e9lection de mars 2027 permettra de mesurer si la fronde europ\u00e9enne parviendra \u00e0 structurer une opposition capable de priver le pr\u00e9sident sortant d&rsquo;un quatri\u00e8me et dernier mandat jusqu&rsquo;en 2031.<\/p>\n<\/div>\n<\/div>\n","protected":false},"excerpt":{"rendered":"<p>La FIFA a mis fin aux sp\u00e9culations entourant l&rsquo;avenir de Gianni Infantino en confirmant que le pr\u00e9sident actuel sera bel et bien candidat \u00e0 sa r\u00e9\u00e9lection en 2027, malgr\u00e9 la mont\u00e9e des critiques et les appels au changement au sein de l&rsquo;instance supr\u00eame du football mondial. Cette mise au point intervient quelques heures apr\u00e8s le [&hellip;]<\/p>\n","protected":false},"author":2,"featured_media":98673,"comment_status":"closed","ping_status":"closed","sticky":false,"template":"","format":"standard","meta":{"sfio_featured_image":false,"sfio_embed_code":"","footnotes":""},"categories":[213],"tags":[],"class_list":["post-98676","post","type-post","status-publish","format-standard","has-post-thumbnail","hentry","category-liverpool"],"_links":{"self":[{"href":"https:\/\/www.fanzword.com\/fr\/wp-json\/wp\/v2\/posts\/98676","targetHints":{"allow":["GET"]}}],"collection":[{"href":"https:\/\/www.fanzword.com\/fr\/wp-json\/wp\/v2\/posts"}],"about":[{"href":"https:\/\/www.fanzword.com\/fr\/wp-json\/wp\/v2\/types\/post"}],"author":[{"embeddable":true,"href":"https:\/\/www.fanzword.com\/fr\/wp-json\/wp\/v2\/users\/2"}],"replies":[{"embeddable":true,"href":"https:\/\/www.fanzword.com\/fr\/wp-json\/wp\/v2\/comments?post=98676"}],"version-history":[{"count":1,"href":"https:\/\/www.fanzword.com\/fr\/wp-json\/wp\/v2\/posts\/98676\/revisions"}],"predecessor-version":[{"id":98677,"href":"https:\/\/www.fanzword.com\/fr\/wp-json\/wp\/v2\/posts\/98676\/revisions\/98677"}],"wp:featuredmedia":[{"embeddable":true,"href":"https:\/\/www.fanzword.com\/fr\/wp-json\/wp\/v2\/media\/98673"}],"wp:attachment":[{"href":"https:\/\/www.fanzword.com\/fr\/wp-json\/wp\/v2\/media?parent=98676"}],"wp:term":[{"taxonomy":"category","embeddable":true,"href":"https:\/\/www.fanzword.com\/fr\/wp-json\/wp\/v2\/categories?post=98676"},{"taxonomy":"post_tag","embeddable":true,"href":"https:\/\/www.fanzword.com\/fr\/wp-json\/wp\/v2\/tags?post=98676"}],"curies":[{"name":"wp","href":"https:\/\/api.w.org\/{rel}","templated":true}]}}