{"id":98654,"date":"2026-09-06T11:11:53","date_gmt":"2026-09-06T11:11:53","guid":{"rendered":"https:\/\/www.fanzword.com\/?p=98654"},"modified":"2026-09-06T11:11:53","modified_gmt":"2026-09-06T11:11:53","slug":"barca-de-jong-proche-de-la-fin-de-sa-reeducation-retour-cible-en-octobre","status":"publish","type":"post","link":"https:\/\/www.fanzword.com\/fr\/barca-de-jong-proche-de-la-fin-de-sa-reeducation-retour-cible-en-octobre\/","title":{"rendered":"Bar\u00e7a : De Jong proche de la fin de sa r\u00e9\u00e9ducation, retour cibl\u00e9 en octobre"},"content":{"rendered":"<div class=\"container\">\n<div id=\"model-response-message-contentr_10efaa86f0f32747\" class=\"markdown markdown-main-panel md-content enable-luminous-fast-follows enable-updated-hr-color stronger\" dir=\"ltr\" aria-busy=\"false\" aria-live=\"polite\">\n<p data-path-to-node=\"18\">Frenkie de Jong approche de la derni\u00e8re phase de son programme de r\u00e9\u00e9ducation, avec un certain optimisme quant \u00e0 son retour aux entra\u00eenements collectifs du FC Barcelone d&rsquo;ici un mois, sous r\u00e9serve d&rsquo;absence de rechute.<\/p>\n<p data-path-to-node=\"19\">Le club catalan traite le dossier du milieu n\u00e9erlandais avec la plus grande prudence apr\u00e8s avoir privil\u00e9gi\u00e9 un traitement conservateur plut\u00f4t qu&rsquo;une intervention chirurgicale, alors que le staff m\u00e9dical estimait initialement que l&rsquo;op\u00e9ration repr\u00e9sentait l&rsquo;option la plus s\u00fbre.<\/p>\n<p data-path-to-node=\"20\">Selon les informations du journal <i data-path-to-node=\"20\" data-index-in-node=\"34\">Mundo Deportivo<\/i>, De Jong vise une r\u00e9int\u00e9gration au groupe le 8 octobre prochain, ce qui co\u00efnciderait avec le retour des internationaux \u00e0 l&rsquo;issue de la tr\u00eave se terminant le 6 du m\u00eame mois.<\/p>\n<p data-path-to-node=\"21\">Le joueur de 29 ans souffre d&rsquo;une d\u00e9chirure du ligament collat\u00e9ral interne du genou droit. Le FC Barcelone a officialis\u00e9 ce diagnostic le 23 juillet, bien que les donn\u00e9es du staff technique indiquent que la blessure soit survenue aux alentours du 16 juin lors d&rsquo;un entra\u00eenement avec la s\u00e9lection n\u00e9erlandaise durant la Coupe du Monde.<\/p>\n<p data-path-to-node=\"22\">La prise en charge de la blessure a \u00e9t\u00e9 retard\u00e9e par un diagnostic initial peu pr\u00e9cis du staff m\u00e9dical de la s\u00e9lection, qui avait permis au joueur de continuer \u00e0 jouer. Des examens approfondis r\u00e9alis\u00e9s \u00e0 Barcelone ont ensuite r\u00e9v\u00e9l\u00e9 la gravit\u00e9 r\u00e9elle de la l\u00e9sion, ce qui explique les divergences entre l&rsquo;estimation initiale d&rsquo;une absence de quatre mois et la possibilit\u00e9 d&rsquo;un retour anticip\u00e9 via un traitement conservateur.<\/p>\n<p data-path-to-node=\"23\">De Jong se limite actuellement \u00e0 des courses en ligne droite sur le terrain et n&rsquo;a pas encore repris le travail avec ballon, les duels ou les changements d&rsquo;appuis brutaux. Une reprise le 8 octobre concernera donc uniquement les s\u00e9ances d&rsquo;entra\u00eenement et ne garantit pas une participation imm\u00e9diate aux matchs.<\/p>\n<p data-path-to-node=\"24\">Avant cette blessure, le N\u00e9erlandais avait r\u00e9alis\u00e9 une saison solide, disputant 38 matchs toutes comp\u00e9titions confondues pour 1 but et 9 passes d\u00e9cisives. En Liga, il avait pris part \u00e0 25 rencontres, inscrivant 1 but et d\u00e9livrant 5 passes d\u00e9cisives.<\/p>\n<p data-path-to-node=\"25\">Cependant, son historique m\u00e9dical pr\u00e9occupe la direction. De Jong a manqu\u00e9 266 jours de comp\u00e9tition et 46 matchs lors de la saison 2023-2024, principalement en raison de r\u00e9cidives \u00e0 la cheville, puis 72 jours et 16 matchs au cours de la saison 2025-2026 (dont 45 jours pour une blessure musculaire), avant sa p\u00e9pin actuel au genou.<\/p>\n<\/div>\n<\/div>\n","protected":false},"excerpt":{"rendered":"<p>Frenkie de Jong approche de la derni\u00e8re phase de son programme de r\u00e9\u00e9ducation, avec un certain optimisme quant \u00e0 son retour aux entra\u00eenements collectifs du FC Barcelone d&rsquo;ici un mois, sous r\u00e9serve d&rsquo;absence de rechute. Le club catalan traite le dossier du milieu n\u00e9erlandais avec la plus grande prudence apr\u00e8s avoir privil\u00e9gi\u00e9 un traitement conservateur [&hellip;]<\/p>\n","protected":false},"author":2,"featured_media":98651,"comment_status":"closed","ping_status":"closed","sticky":false,"template":"","format":"standard","meta":{"sfio_featured_image":false,"sfio_embed_code":"","footnotes":""},"categories":[221,220],"tags":[],"class_list":["post-98654","post","type-post","status-publish","format-standard","has-post-thumbnail","hentry","category-barcelona-fr","category-la-liga-fr"],"_links":{"self":[{"href":"https:\/\/www.fanzword.com\/fr\/wp-json\/wp\/v2\/posts\/98654","targetHints":{"allow":["GET"]}}],"collection":[{"href":"https:\/\/www.fanzword.com\/fr\/wp-json\/wp\/v2\/posts"}],"about":[{"href":"https:\/\/www.fanzword.com\/fr\/wp-json\/wp\/v2\/types\/post"}],"author":[{"embeddable":true,"href":"https:\/\/www.fanzword.com\/fr\/wp-json\/wp\/v2\/users\/2"}],"replies":[{"embeddable":true,"href":"https:\/\/www.fanzword.com\/fr\/wp-json\/wp\/v2\/comments?post=98654"}],"version-history":[{"count":2,"href":"https:\/\/www.fanzword.com\/fr\/wp-json\/wp\/v2\/posts\/98654\/revisions"}],"predecessor-version":[{"id":98656,"href":"https:\/\/www.fanzword.com\/fr\/wp-json\/wp\/v2\/posts\/98654\/revisions\/98656"}],"wp:featuredmedia":[{"embeddable":true,"href":"https:\/\/www.fanzword.com\/fr\/wp-json\/wp\/v2\/media\/98651"}],"wp:attachment":[{"href":"https:\/\/www.fanzword.com\/fr\/wp-json\/wp\/v2\/media?parent=98654"}],"wp:term":[{"taxonomy":"category","embeddable":true,"href":"https:\/\/www.fanzword.com\/fr\/wp-json\/wp\/v2\/categories?post=98654"},{"taxonomy":"post_tag","embeddable":true,"href":"https:\/\/www.fanzword.com\/fr\/wp-json\/wp\/v2\/tags?post=98654"}],"curies":[{"name":"wp","href":"https:\/\/api.w.org\/{rel}","templated":true}]}}