{"id":98642,"date":"2026-09-06T11:06:21","date_gmt":"2026-09-06T11:06:21","guid":{"rendered":"https:\/\/www.fanzword.com\/?p=98642"},"modified":"2026-09-06T11:06:21","modified_gmt":"2026-09-06T11:06:21","slug":"real-madrid-dean-huijsen-au-milieu-de-terrain-face-a-linter","status":"publish","type":"post","link":"https:\/\/www.fanzword.com\/fr\/real-madrid-dean-huijsen-au-milieu-de-terrain-face-a-linter\/","title":{"rendered":"Real Madrid : Dean Huijsen au milieu de terrain face \u00e0 l&rsquo;Inter ?"},"content":{"rendered":"<div class=\"container\">\n<div id=\"model-response-message-contentr_ed06e58e46a3a5b9\" class=\"markdown markdown-main-panel md-content enable-luminous-fast-follows enable-updated-hr-color stronger\" dir=\"ltr\" aria-busy=\"false\" aria-live=\"polite\">\n<p data-path-to-node=\"18\">Jos\u00e9 Mourinho est confront\u00e9 \u00e0 un v\u00e9ritable casse-t\u00eate pour composer le milieu de terrain du Real Madrid avant d&rsquo;affronter l&rsquo;Inter Milan en ouverture de la Ligue des Champions. Une situation critique qui le pousse \u00e0 \u00e9tudier des options tactiques in\u00e9dites, dont le repositionnement du d\u00e9fenseur central Dean Huijsen dans l&rsquo;entrejeu.<\/p>\n<p data-path-to-node=\"19\">Selon les informations du quotidien <i data-path-to-node=\"19\" data-index-in-node=\"36\">AS<\/i>, ce choix reste pour l&rsquo;instant une hypoth\u00e8se de travail et non une d\u00e9cision d\u00e9finitive de l&rsquo;entra\u00eeneur portugais. Mourinho dispose \u00e9galement d&rsquo;autres alternatives telles que Jude Bellingham, Trent Alexander-Arnold ou le jeune joueur de la Cantera, Jorge Cistero.<\/p>\n<p data-path-to-node=\"20\">Le Real Madrid doit composer sans trois joueurs suspendus : Bernardo Silva, exclu avec Manchester City contre le Real lors de la pr\u00e9c\u00e9dente \u00e9dition, ainsi qu&rsquo;Arda G\u00fcler et Eduardo Camavinga, sanctionn\u00e9s \u00e0 la suite de la rencontre face au Bayern Munich en quarts de finale.<\/p>\n<p data-path-to-node=\"21\">\u00c0 ces suspensions s&rsquo;ajoute l&rsquo;absence sur blessure d&rsquo;Aur\u00e9lien Tchouam\u00e9ni, tout comme celle du jeune Thiago Pitarch, touch\u00e9 \u00e0 la cheville. Par cons\u00e9quent, Federico Valverde demeure le seul milieu de terrain de m\u00e9tier confirm\u00e9 et pleinement disponible pour le technicien portugais.<\/p>\n<p data-path-to-node=\"22\">Huijsen poss\u00e8de des qualit\u00e9s profil\u00e9es pour ce r\u00f4le, notamment sa s\u00e9r\u00e9nit\u00e9 sous pression, la pr\u00e9cision de son jeu de passe et sa capacit\u00e9 \u00e0 orienter la relance. N\u00e9anmoins, l&rsquo;avancer d&rsquo;un cran priverait la charni\u00e8re centrale form\u00e9e par Antonio R\u00fcdiger et Ibrahima Konat\u00e9 de son meilleur relanceur.<\/p>\n<p data-path-to-node=\"23\">Le d\u00e9fenseur espagnol ne poss\u00e8de pas de r\u00e9f\u00e9rences r\u00e9guli\u00e8res au poste de milieu au niveau professionnel. Fait insolite, il a d\u00e9but\u00e9 sa formation au poste d&rsquo;avant-centre au sein de l&rsquo;acad\u00e9mie de Costa Unida \u00e0 Marbella, avant que son entra\u00eeneur David Santos ne le convainque de reculer en d\u00e9fense centrale pour tirer parti de sa taille et de sa qualit\u00e9 technique.<\/p>\n<p data-path-to-node=\"24\">Mourinho conna\u00eet parfaitement le potentiel du joueur pour l&rsquo;avoir fait venir en pr\u00eat \u00e0 la Roma lorsqu&rsquo;il \u00e9voluait \u00e0 la Juventus. Durant cette p\u00e9riode, Huijsen s&rsquo;\u00e9tait distingu\u00e9 par un but remarquable contre Frosinone apr\u00e8s une remont\u00e9e de balle initi\u00e9e depuis le milieu de terrain, t\u00e9moignant de son aisance dans les zones avanc\u00e9es.<\/p>\n<p data-path-to-node=\"25\">Cette r\u00e9flexion tactique rappelle les choix pass\u00e9s de Mourinho lors de son premier passage sur le banc madril\u00e8ne, lorsqu&rsquo;il avait repositionn\u00e9 Pepe au milieu de terrain lors de grands rendez-vous, une formule \u00e9galement reprise plus tard par Carlo Ancelotti avec Sergio Ramos lors du Cl\u00e1sico de 2013.<\/p>\n<\/div>\n<\/div>\n","protected":false},"excerpt":{"rendered":"<p>Jos\u00e9 Mourinho est confront\u00e9 \u00e0 un v\u00e9ritable casse-t\u00eate pour composer le milieu de terrain du Real Madrid avant d&rsquo;affronter l&rsquo;Inter Milan en ouverture de la Ligue des Champions. Une situation critique qui le pousse \u00e0 \u00e9tudier des options tactiques in\u00e9dites, dont le repositionnement du d\u00e9fenseur central Dean Huijsen dans l&rsquo;entrejeu. Selon les informations du quotidien [&hellip;]<\/p>\n","protected":false},"author":2,"featured_media":98640,"comment_status":"closed","ping_status":"closed","sticky":false,"template":"","format":"standard","meta":{"sfio_featured_image":false,"sfio_embed_code":"","footnotes":""},"categories":[251,222],"tags":[],"class_list":["post-98642","post","type-post","status-publish","format-standard","has-post-thumbnail","hentry","category-ligue-des-champions","category-real-madrid-fr"],"_links":{"self":[{"href":"https:\/\/www.fanzword.com\/fr\/wp-json\/wp\/v2\/posts\/98642","targetHints":{"allow":["GET"]}}],"collection":[{"href":"https:\/\/www.fanzword.com\/fr\/wp-json\/wp\/v2\/posts"}],"about":[{"href":"https:\/\/www.fanzword.com\/fr\/wp-json\/wp\/v2\/types\/post"}],"author":[{"embeddable":true,"href":"https:\/\/www.fanzword.com\/fr\/wp-json\/wp\/v2\/users\/2"}],"replies":[{"embeddable":true,"href":"https:\/\/www.fanzword.com\/fr\/wp-json\/wp\/v2\/comments?post=98642"}],"version-history":[{"count":2,"href":"https:\/\/www.fanzword.com\/fr\/wp-json\/wp\/v2\/posts\/98642\/revisions"}],"predecessor-version":[{"id":98644,"href":"https:\/\/www.fanzword.com\/fr\/wp-json\/wp\/v2\/posts\/98642\/revisions\/98644"}],"wp:featuredmedia":[{"embeddable":true,"href":"https:\/\/www.fanzword.com\/fr\/wp-json\/wp\/v2\/media\/98640"}],"wp:attachment":[{"href":"https:\/\/www.fanzword.com\/fr\/wp-json\/wp\/v2\/media?parent=98642"}],"wp:term":[{"taxonomy":"category","embeddable":true,"href":"https:\/\/www.fanzword.com\/fr\/wp-json\/wp\/v2\/categories?post=98642"},{"taxonomy":"post_tag","embeddable":true,"href":"https:\/\/www.fanzword.com\/fr\/wp-json\/wp\/v2\/tags?post=98642"}],"curies":[{"name":"wp","href":"https:\/\/api.w.org\/{rel}","templated":true}]}}