{"id":98620,"date":"2026-09-06T10:56:54","date_gmt":"2026-09-06T10:56:54","guid":{"rendered":"https:\/\/www.fanzword.com\/?p=98620"},"modified":"2026-09-06T10:56:54","modified_gmt":"2026-09-06T10:56:54","slug":"accueil-hostile-pour-neuer-a-la-veltins-arena-le-bavarois-repond-avec-ironie","status":"publish","type":"post","link":"https:\/\/www.fanzword.com\/fr\/accueil-hostile-pour-neuer-a-la-veltins-arena-le-bavarois-repond-avec-ironie\/","title":{"rendered":"Accueil hostile pour Neuer \u00e0 la Veltins-Arena, le Bavarois r\u00e9pond avec ironie"},"content":{"rendered":"<div class=\"container\">\n<div id=\"model-response-message-contentr_7a4e36f7998317c8\" class=\"markdown markdown-main-panel md-content enable-luminous-fast-follows enable-updated-hr-color stronger\" dir=\"ltr\" aria-busy=\"false\" aria-live=\"polite\">\n<p data-path-to-node=\"17\">Manuel Neuer a \u00e9t\u00e9 accueilli sous les hu\u00e9es et la col\u00e8re des supporters de Schalke lors de son retour \u00e0 la Veltins-Arena avec le Bayern Munich, lors d&rsquo;une rencontre de la 2e journ\u00e9e de Bundesliga conclue sur un score nul et vierge (0-0).<\/p>\n<p data-path-to-node=\"18\">Les sifflets ont retenti d\u00e8s l&rsquo;entr\u00e9e du portier sur la pelouse pour l&rsquo;\u00e9chauffement, avant de se r\u00e9p\u00e9ter \u00e0 chacun de ses ballons touch\u00e9s pendant la partie, accompagn\u00e9s de chants t\u00e9moignant de la ranc\u0153ur tenace d&rsquo;une frange de fans de son ancien club.<\/p>\n<p data-path-to-node=\"19\">La tribune locale a notamment scand\u00e9 : \u00ab Nous sommes Schalke, et tu ne l&rsquo;es pas \u00bb, avant de prof\u00e9rer des insultes visant sa famille. Une attitude qui a fait r\u00e9agir Max Eberl, directeur sportif du Bayern Munich, venu fermement condamner ces agissements.<\/p>\n<p data-path-to-node=\"20\">Eberl a estim\u00e9 que les supporters de Schalke devraient plut\u00f4t \u00e9prouver de la fiert\u00e9 en voyant que leur centre de formation a fa\u00e7onn\u00e9 un joueur d&rsquo;exception, devenu le meilleur gardien du monde et champion du monde. Il a rappel\u00e9 que la rivalit\u00e9 sportive envers le Bayern reste compr\u00e9hensible, mais que les insultes personnelles n&rsquo;ont pas leur place dans un stade.<\/p>\n<p data-path-to-node=\"21\">De son c\u00f4t\u00e9, Neuer a pr\u00e9f\u00e9r\u00e9 d\u00e9samorcer la situation avec ironie, confiant dans un sourire qu&rsquo;il consid\u00e9rait chaque sifflet comme un \u00ab compliment \u00bb et que cette hostilit\u00e9 traduisait une forme d&rsquo;\u00ab amour \u00bb. Il a ensuite affirm\u00e9 que revenir \u00e0 Gelsenkirchen demeurait un moment particulier et riche en \u00e9motions, sa famille \u00e9tant pr\u00e9sente en tribunes.<\/p>\n<p data-path-to-node=\"22\">N\u00e9 \u00e0 Gelsenkirchen, Neuer a pass\u00e9 pr\u00e8s de 20 ans sous les couleurs de Schalke, de l&rsquo;acad\u00e9mie jusqu&rsquo;\u00e0 l&rsquo;\u00e9quipe premi\u00e8re, avant son transfert vers le Bayern Munich en 2011. Un d\u00e9part que certains supporters n&rsquo;ont jamais pardonn\u00e9, en raison de son attachement historique affich\u00e9 envers le club de la Ruhr.<\/p>\n<p data-path-to-node=\"23\">Avant la rencontre, Lothar Matth\u00e4us et la l\u00e9gende de Schalke Olaf Thon avaient pourtant appel\u00e9 le public \u00e0 r\u00e9server un accueil digne de sa carri\u00e8re au portier de 40 ans, d&rsquo;autant que Neuer a laiss\u00e9 entendre qu&rsquo;il s&rsquo;agissait tr\u00e8s probablement de son dernier passage \u00e0 la Veltins-Arena en tant que joueur professionnel.<\/p>\n<\/div>\n<\/div>\n","protected":false},"excerpt":{"rendered":"<p>Manuel Neuer a \u00e9t\u00e9 accueilli sous les hu\u00e9es et la col\u00e8re des supporters de Schalke lors de son retour \u00e0 la Veltins-Arena avec le Bayern Munich, lors d&rsquo;une rencontre de la 2e journ\u00e9e de Bundesliga conclue sur un score nul et vierge (0-0). Les sifflets ont retenti d\u00e8s l&rsquo;entr\u00e9e du portier sur la pelouse pour [&hellip;]<\/p>\n","protected":false},"author":2,"featured_media":98617,"comment_status":"closed","ping_status":"closed","sticky":false,"template":"","format":"standard","meta":{"sfio_featured_image":false,"sfio_embed_code":"","footnotes":""},"categories":[225,211],"tags":[],"class_list":["post-98620","post","type-post","status-publish","format-standard","has-post-thumbnail","hentry","category-bayern-munich-fr","category-bundesliga"],"_links":{"self":[{"href":"https:\/\/www.fanzword.com\/fr\/wp-json\/wp\/v2\/posts\/98620","targetHints":{"allow":["GET"]}}],"collection":[{"href":"https:\/\/www.fanzword.com\/fr\/wp-json\/wp\/v2\/posts"}],"about":[{"href":"https:\/\/www.fanzword.com\/fr\/wp-json\/wp\/v2\/types\/post"}],"author":[{"embeddable":true,"href":"https:\/\/www.fanzword.com\/fr\/wp-json\/wp\/v2\/users\/2"}],"replies":[{"embeddable":true,"href":"https:\/\/www.fanzword.com\/fr\/wp-json\/wp\/v2\/comments?post=98620"}],"version-history":[{"count":1,"href":"https:\/\/www.fanzword.com\/fr\/wp-json\/wp\/v2\/posts\/98620\/revisions"}],"predecessor-version":[{"id":98621,"href":"https:\/\/www.fanzword.com\/fr\/wp-json\/wp\/v2\/posts\/98620\/revisions\/98621"}],"wp:featuredmedia":[{"embeddable":true,"href":"https:\/\/www.fanzword.com\/fr\/wp-json\/wp\/v2\/media\/98617"}],"wp:attachment":[{"href":"https:\/\/www.fanzword.com\/fr\/wp-json\/wp\/v2\/media?parent=98620"}],"wp:term":[{"taxonomy":"category","embeddable":true,"href":"https:\/\/www.fanzword.com\/fr\/wp-json\/wp\/v2\/categories?post=98620"},{"taxonomy":"post_tag","embeddable":true,"href":"https:\/\/www.fanzword.com\/fr\/wp-json\/wp\/v2\/tags?post=98620"}],"curies":[{"name":"wp","href":"https:\/\/api.w.org\/{rel}","templated":true}]}}