{"id":98600,"date":"2026-09-05T18:52:39","date_gmt":"2026-09-05T18:52:39","guid":{"rendered":"https:\/\/www.fanzword.com\/?p=98600"},"modified":"2026-09-05T18:52:39","modified_gmt":"2026-09-05T18:52:39","slug":"le-bayern-munich-freine-par-schalke-et-detrone-apres-67-journees-en-tete","status":"publish","type":"post","link":"https:\/\/www.fanzword.com\/fr\/le-bayern-munich-freine-par-schalke-et-detrone-apres-67-journees-en-tete\/","title":{"rendered":"Le Bayern Munich frein\u00e9 par Schalke et d\u00e9tr\u00f4n\u00e9 apr\u00e8s 67 journ\u00e9es en t\u00eate"},"content":{"rendered":"<div class=\"container\">\n<div id=\"model-response-message-contentr_a948cb27cf939d58\" class=\"markdown markdown-main-panel md-content enable-luminous-fast-follows enable-updated-hr-color stronger\" dir=\"ltr\" aria-busy=\"false\" aria-live=\"polite\">\n<p data-path-to-node=\"18\">Le Bayern Munich a c\u00e9d\u00e9 la t\u00eate de la Bundesliga pour la premi\u00e8re fois depuis pr\u00e8s de deux ans, tenu en \u00e9chec 0-0 sur le terrain du promu Schalke \u00e0 la Veltins-Arena, lors de la 2e journ\u00e9e de championnat.<\/p>\n<p data-path-to-node=\"19\">Ce r\u00e9sultat met fin \u00e0 une s\u00e9rie historique de 67 journ\u00e9es cons\u00e9cutives pass\u00e9es au sommet de la Bundesliga par le g\u00e9ant bavarois. D\u00e9but\u00e9e il y a deux saisons, cette dynamique avait accompagn\u00e9 l&rsquo;int\u00e9gralit\u00e9 de leur sacre lors de l&rsquo;exercice pr\u00e9c\u00e9dent, avant d&rsquo;\u00eatre interrompue par Schalke pour son retour parmi l&rsquo;\u00e9lite.<\/p>\n<p data-path-to-node=\"20\">Les hommes de Vincent Kompany ont largement confisqu\u00e9 le ballon avec 83 % de possession et cumul\u00e9 un total de buts attendus (xG) de 2,12. Ils ont toutefois but\u00e9 sur un Loris Karius inspir\u00e9, auteur de cinq arr\u00eats d\u00e9cisifs, dont une parade d\u00e9terminante devant Harry Kane pour pr\u00e9server sa cage inviol\u00e9e.<\/p>\n<p data-path-to-node=\"21\">Kompany avait initialement pr\u00e9serv\u00e9 plusieurs cadres offensifs avant de lancer Kane d\u00e8s la reprise, puis Jamal Musiala et Michael Olise. L&rsquo;encerclement bavarois en fin de match est n\u00e9anmoins rest\u00e9 st\u00e9rile face au bloc bas de Schalke et \u00e0 un portier en r\u00e9ussite.<\/p>\n<p data-path-to-node=\"22\">Le Bayern avait pourtant d\u00e9marr\u00e9 la d\u00e9fense de son titre par un succ\u00e8s \u00e9clatant 5-1 contre le VfB Stuttgart, gr\u00e2ce \u00e0 des r\u00e9alisations de Dayot Upamecano, Michael Olise, Aleksandar Pavlovi\u0107, Luis D\u00edaz et un but contre son camp, s&#8217;emparant alors de la t\u00eate au d\u00e9partage \u00e0 la diff\u00e9rence de buts.<\/p>\n<p data-path-to-node=\"23\">De son c\u00f4t\u00e9, Schalke retrouve la Bundesliga cette saison apr\u00e8s trois ans d&rsquo;absence et un titre de champion de deuxi\u00e8me division. Apr\u00e8s un revers 3-0 lors de la premi\u00e8re journ\u00e9e face \u00e0 Augsbourg, le club de Gelsenkirchen d\u00e9croche son tout premier point depuis sa remont\u00e9e, pour son premier match \u00e0 domicile.<\/p>\n<p data-path-to-node=\"24\">Au classement, Fribourg s&#8217;empare seul de la premi\u00e8re place avec 6 points, devan\u00e7ant Borussia Dortmund et Elversberg \u00e0 la diff\u00e9rence de buts. Le Bayern glisse au 4e rang avec 4 points, tandis que Schalke remonte provisoirement \u00e0 la 14e place.<\/p>\n<p data-path-to-node=\"25\">Le Bayern recevra la formation norv\u00e9gienne de Bod\u00f8\/Glimt le jeudi 10 septembre pour l&rsquo;ouverture de la phase de ligue de la Ligue des Champions, avant de se d\u00e9placer sur la pelouse d&rsquo;Elversberg le dimanche 13 septembre en championnat.<\/p>\n<\/div>\n<\/div>\n","protected":false},"excerpt":{"rendered":"<p>Le Bayern Munich a c\u00e9d\u00e9 la t\u00eate de la Bundesliga pour la premi\u00e8re fois depuis pr\u00e8s de deux ans, tenu en \u00e9chec 0-0 sur le terrain du promu Schalke \u00e0 la Veltins-Arena, lors de la 2e journ\u00e9e de championnat. Ce r\u00e9sultat met fin \u00e0 une s\u00e9rie historique de 67 journ\u00e9es cons\u00e9cutives pass\u00e9es au sommet de [&hellip;]<\/p>\n","protected":false},"author":2,"featured_media":98597,"comment_status":"closed","ping_status":"closed","sticky":false,"template":"","format":"standard","meta":{"sfio_featured_image":false,"sfio_embed_code":"","footnotes":""},"categories":[225,211],"tags":[],"class_list":["post-98600","post","type-post","status-publish","format-standard","has-post-thumbnail","hentry","category-bayern-munich-fr","category-bundesliga"],"_links":{"self":[{"href":"https:\/\/www.fanzword.com\/fr\/wp-json\/wp\/v2\/posts\/98600","targetHints":{"allow":["GET"]}}],"collection":[{"href":"https:\/\/www.fanzword.com\/fr\/wp-json\/wp\/v2\/posts"}],"about":[{"href":"https:\/\/www.fanzword.com\/fr\/wp-json\/wp\/v2\/types\/post"}],"author":[{"embeddable":true,"href":"https:\/\/www.fanzword.com\/fr\/wp-json\/wp\/v2\/users\/2"}],"replies":[{"embeddable":true,"href":"https:\/\/www.fanzword.com\/fr\/wp-json\/wp\/v2\/comments?post=98600"}],"version-history":[{"count":1,"href":"https:\/\/www.fanzword.com\/fr\/wp-json\/wp\/v2\/posts\/98600\/revisions"}],"predecessor-version":[{"id":98601,"href":"https:\/\/www.fanzword.com\/fr\/wp-json\/wp\/v2\/posts\/98600\/revisions\/98601"}],"wp:featuredmedia":[{"embeddable":true,"href":"https:\/\/www.fanzword.com\/fr\/wp-json\/wp\/v2\/media\/98597"}],"wp:attachment":[{"href":"https:\/\/www.fanzword.com\/fr\/wp-json\/wp\/v2\/media?parent=98600"}],"wp:term":[{"taxonomy":"category","embeddable":true,"href":"https:\/\/www.fanzword.com\/fr\/wp-json\/wp\/v2\/categories?post=98600"},{"taxonomy":"post_tag","embeddable":true,"href":"https:\/\/www.fanzword.com\/fr\/wp-json\/wp\/v2\/tags?post=98600"}],"curies":[{"name":"wp","href":"https:\/\/api.w.org\/{rel}","templated":true}]}}