{"id":98557,"date":"2026-09-05T15:49:11","date_gmt":"2026-09-05T15:49:11","guid":{"rendered":"https:\/\/www.fanzword.com\/?p=98557"},"modified":"2026-09-05T15:49:11","modified_gmt":"2026-09-05T15:49:11","slug":"inquietude-pour-marc-cucurella-au-real-madrid-avant-de-defier-linter","status":"publish","type":"post","link":"https:\/\/www.fanzword.com\/fr\/inquietude-pour-marc-cucurella-au-real-madrid-avant-de-defier-linter\/","title":{"rendered":"Inqui\u00e9tude pour Marc Cucurella au Real Madrid avant de d\u00e9fier l&rsquo;Inter"},"content":{"rendered":"<div class=\"container\">\n<div id=\"model-response-message-contentr_048c6aa0d453b074\" class=\"markdown markdown-main-panel md-content enable-luminous-fast-follows enable-updated-hr-color stronger\" dir=\"ltr\" aria-busy=\"false\" aria-live=\"polite\">\n<p data-path-to-node=\"19\">Marc Cucurella suscite l&rsquo;inqui\u00e9tude au Real Madrid avant la r\u00e9ception de l&rsquo;Inter Milan en Ligue des Champions, apr\u00e8s avoir \u00e9t\u00e9 contraint de c\u00e9der sa place dans les derni\u00e8res minutes de la rencontre face au Real Betis en raison d&rsquo;une g\u00eane physique.<\/p>\n<p data-path-to-node=\"20\">Titulaire lors de la d\u00e9faite 1-0 des Madril\u00e8nes contre le Betis, Cucurella a livr\u00e9 une prestation d\u00e9fensive solide jusqu&rsquo;\u00e0 sa sortie \u00e0 la 88e minute au profit d&rsquo;\u00c1lvaro Carreras.<\/p>\n<p data-path-to-node=\"21\">En conf\u00e9rence de presse d&rsquo;apr\u00e8s-match, Jos\u00e9 Mourinho a r\u00e9v\u00e9l\u00e9 que le lat\u00e9ral espagnol a souffert de crampes musculaires, excluant toute d\u00e9chirure ou blessure grave. Sa participation au choc europ\u00e9en n&rsquo;est donc pas encore d\u00e9finitivement \u00e9cart\u00e9e, malgr\u00e9 le court d\u00e9lai de r\u00e9cup\u00e9ration.<\/p>\n<p data-path-to-node=\"22\">Selon les informations de <i data-path-to-node=\"22\" data-index-in-node=\"26\">Mundo Deportivo<\/i>, la tendance actuelle s&rsquo;oriente vers un forfait de pr\u00e9caution pour l&rsquo;\u00e9ch\u00e9ance europ\u00e9enne, afin de permettre au joueur d&rsquo;\u00eatre pleinement op\u00e9rationnel pour la r\u00e9ception du Rayo Vallecano en championnat samedi prochain.<\/p>\n<p data-path-to-node=\"23\">En cas d&rsquo;absence confirm\u00e9e, \u00c1lvaro Carreras constitue l&rsquo;alternative naturelle. Entr\u00e9 en jeu face au Betis, le jeune Espagnol jouit de la confiance de Mourinho, qui a r\u00e9cemment affirm\u00e9 que l&rsquo;alignement de l&rsquo;un ou l&rsquo;autre ne modifiait pas l&rsquo;\u00e9quilibre tactique de l&rsquo;\u00e9quipe.<\/p>\n<p data-path-to-node=\"24\">Arriv\u00e9 en provenance de Chelsea, Cucurella a disput\u00e9 quatre rencontres de La Liga sous le maillot merengue, dont deux titularisations, pour un total de 249 minutes. Bien qu&rsquo;il n&rsquo;ait pas encore \u00e9t\u00e9 d\u00e9cisif, ses 11 ballons r\u00e9cup\u00e9r\u00e9s lui ont permis de s&rsquo;imposer progressivement au poste de lat\u00e9ral gauche.<\/p>\n<p data-path-to-node=\"25\">Le Real Madrid accueillera l&rsquo;Inter Milan ce mardi 8 septembre \u00e0 21h00 au stade Santiago Bernab\u00e9u, lors de la premi\u00e8re journ\u00e9e de la phase de ligue de la Ligue des Champions.<\/p>\n<p data-path-to-node=\"26\">Jos\u00e9 Mourinho devra composer avec un effectif tr\u00e8s amoindri. Arda G\u00fcler, Bernardo Silva et Eduardo Camavinga sont suspendus, tandis qu&rsquo;Aur\u00e9lien Tchouam\u00e9ni est toujours indisponible, laissant Federico Valverde comme seul milieu de terrain de l&rsquo;\u00e9quipe premi\u00e8re en \u00e9tat de jouer.<\/p>\n<p data-path-to-node=\"27\">La liste des absents s&rsquo;alourdit avec les blessures d&rsquo;\u00c9der Milit\u00e3o, Ra\u00fal Asencio, Rodrygo, Endrick et Thiago Pitarch, sans oublier Ferland Mendy, non inscrit sur la liste europ\u00e9enne. Le forfait \u00e9ventuel de Cucurella repr\u00e9senterait ainsi un coup dur suppl\u00e9mentaire pour une \u00e9quipe contrainte d&rsquo;aborder son premier choc europ\u00e9en avec des options extr\u00eamement limit\u00e9es.<\/p>\n<\/div>\n<\/div>\n","protected":false},"excerpt":{"rendered":"<p>Marc Cucurella suscite l&rsquo;inqui\u00e9tude au Real Madrid avant la r\u00e9ception de l&rsquo;Inter Milan en Ligue des Champions, apr\u00e8s avoir \u00e9t\u00e9 contraint de c\u00e9der sa place dans les derni\u00e8res minutes de la rencontre face au Real Betis en raison d&rsquo;une g\u00eane physique. Titulaire lors de la d\u00e9faite 1-0 des Madril\u00e8nes contre le Betis, Cucurella a livr\u00e9 [&hellip;]<\/p>\n","protected":false},"author":2,"featured_media":98554,"comment_status":"closed","ping_status":"closed","sticky":false,"template":"","format":"standard","meta":{"sfio_featured_image":false,"sfio_embed_code":"","footnotes":""},"categories":[220,251,222],"tags":[],"class_list":["post-98557","post","type-post","status-publish","format-standard","has-post-thumbnail","hentry","category-la-liga-fr","category-ligue-des-champions","category-real-madrid-fr"],"_links":{"self":[{"href":"https:\/\/www.fanzword.com\/fr\/wp-json\/wp\/v2\/posts\/98557","targetHints":{"allow":["GET"]}}],"collection":[{"href":"https:\/\/www.fanzword.com\/fr\/wp-json\/wp\/v2\/posts"}],"about":[{"href":"https:\/\/www.fanzword.com\/fr\/wp-json\/wp\/v2\/types\/post"}],"author":[{"embeddable":true,"href":"https:\/\/www.fanzword.com\/fr\/wp-json\/wp\/v2\/users\/2"}],"replies":[{"embeddable":true,"href":"https:\/\/www.fanzword.com\/fr\/wp-json\/wp\/v2\/comments?post=98557"}],"version-history":[{"count":1,"href":"https:\/\/www.fanzword.com\/fr\/wp-json\/wp\/v2\/posts\/98557\/revisions"}],"predecessor-version":[{"id":98558,"href":"https:\/\/www.fanzword.com\/fr\/wp-json\/wp\/v2\/posts\/98557\/revisions\/98558"}],"wp:featuredmedia":[{"embeddable":true,"href":"https:\/\/www.fanzword.com\/fr\/wp-json\/wp\/v2\/media\/98554"}],"wp:attachment":[{"href":"https:\/\/www.fanzword.com\/fr\/wp-json\/wp\/v2\/media?parent=98557"}],"wp:term":[{"taxonomy":"category","embeddable":true,"href":"https:\/\/www.fanzword.com\/fr\/wp-json\/wp\/v2\/categories?post=98557"},{"taxonomy":"post_tag","embeddable":true,"href":"https:\/\/www.fanzword.com\/fr\/wp-json\/wp\/v2\/tags?post=98557"}],"curies":[{"name":"wp","href":"https:\/\/api.w.org\/{rel}","templated":true}]}}