{"id":98546,"date":"2026-09-05T15:40:33","date_gmt":"2026-09-05T15:40:33","guid":{"rendered":"https:\/\/www.fanzword.com\/?p=98546"},"modified":"2026-09-05T15:40:33","modified_gmt":"2026-09-05T15:40:33","slug":"raphinha-nomme-capitaine-principal-du-barca-lamine-yamal-dans-le-top-5","status":"publish","type":"post","link":"https:\/\/www.fanzword.com\/fr\/raphinha-nomme-capitaine-principal-du-barca-lamine-yamal-dans-le-top-5\/","title":{"rendered":"Raphinha nomm\u00e9 capitaine principal du Bar\u00e7a, Lamine Yamal dans le Top 5"},"content":{"rendered":"<div class=\"container\">\n<div id=\"model-response-message-contentr_7ae4b7476315188d\" class=\"markdown markdown-main-panel md-content enable-luminous-fast-follows enable-updated-hr-color stronger\" dir=\"ltr\" aria-busy=\"false\" aria-live=\"polite\">\n<p data-path-to-node=\"18\">\u00c0 seulement 19 ans, Lamine Yamal a int\u00e9gr\u00e9 pour la premi\u00e8re fois le groupe des capitaines du FC Barcelone, devenant le cinqui\u00e8me capitaine du club catalan pour la saison 2026-2027.<\/p>\n<p data-path-to-node=\"19\">Hansi Flick a confirm\u00e9 la hi\u00e9rarchie officielle : Raphinha h\u00e9rite du brassard principal, suivi de Pedri, Eric Garc\u00eda, Frenkie de Jong et enfin Yamal. Un classement qui illustre le renouvellement des cadres au sein du vestiaire apr\u00e8s les d\u00e9parts de Marc-Andr\u00e9 ter Stegen et Ronald Ara\u00fajo.<\/p>\n<p data-path-to-node=\"20\"><b data-path-to-node=\"20\" data-index-in-node=\"0\">Comment le Bar\u00e7a a choisi ses capitaines<\/b><\/p>\n<p data-path-to-node=\"20\">Flick a modifi\u00e9 la proc\u00e9dure habituelle, qui laissait l&rsquo;ensemble du vote aux joueurs. Le technicien allemand a d\u00e9sign\u00e9 lui-m\u00eame Raphinha et Pedri aux premier et deuxi\u00e8me rangs, avant de confier au vestiaire l&rsquo;\u00e9lection des trois capitaines suivants.<\/p>\n<p data-path-to-node=\"21\">\u00c0 l&rsquo;issue du scrutin interne, les joueurs ont choisi Eric Garc\u00eda, De Jong et Yamal dans cet ordre. Le grand absent de cette liste est Gavi, pourtant pressenti parmi les candidats naturels, mais distanc\u00e9 lors du vote au profit du jeune prodige.<\/p>\n<p data-path-to-node=\"22\"><b data-path-to-node=\"22\" data-index-in-node=\"0\">De Jong paie la gestion de sa blessure<\/b><\/p>\n<p data-path-to-node=\"22\">De Jong appara\u00eet comme le grand perdant de ce nouveau classement, r\u00e9trogradant de la deuxi\u00e8me \u00e0 la quatri\u00e8me place. Une d\u00e9cision prise sur fond de d\u00e9ception interne quant \u00e0 sa gestion d&rsquo;une blessure au ligament collat\u00e9ral interne du genou droit.<\/p>\n<p data-path-to-node=\"23\">Le milieu n\u00e9erlandais avait disput\u00e9 la Coupe du monde malgr\u00e9 les douleurs, aggravant sa blessure et s&rsquo;\u00e9loignant des terrains pendant pr\u00e8s de quatre mois. Si cet \u00e9pisode a suscit\u00e9 des r\u00e9serves de la part de Flick, l&rsquo;entra\u00eeneur compte toujours s&rsquo;appuyer sur lui une fois son r\u00e9tablissement complet.<\/p>\n<p data-path-to-node=\"24\">\u00c0 l&rsquo;inverse, la d\u00e9signation de Raphinha comme capitaine principal vient r\u00e9compenser sa relation privil\u00e9gi\u00e9e avec Flick, qui l&rsquo;a hiss\u00e9 parmi les meilleurs joueurs du monde. Le Br\u00e9silien a inscrit 34 buts et d\u00e9livr\u00e9 22 passes d\u00e9cisives en 57 matchs lors de la saison 2024-2025, avant de d\u00e9marrer l&rsquo;exercice actuel avec cinq buts lors des trois premi\u00e8res journ\u00e9es de La Liga.<\/p>\n<p data-path-to-node=\"25\">L&rsquo;entr\u00e9e de Lamine Yamal dans ce quintette confirme que son impact d\u00e9passe le cadre purement technique pour s&rsquo;imposer dans le vestiaire, m\u00eame si le port effectif du brassard restera conditionn\u00e9 \u00e0 l&rsquo;absence des quatre capitaines qui le pr\u00e9c\u00e8dent.<\/p>\n<\/div>\n<\/div>\n","protected":false},"excerpt":{"rendered":"<p>\u00c0 seulement 19 ans, Lamine Yamal a int\u00e9gr\u00e9 pour la premi\u00e8re fois le groupe des capitaines du FC Barcelone, devenant le cinqui\u00e8me capitaine du club catalan pour la saison 2026-2027. Hansi Flick a confirm\u00e9 la hi\u00e9rarchie officielle : Raphinha h\u00e9rite du brassard principal, suivi de Pedri, Eric Garc\u00eda, Frenkie de Jong et enfin Yamal. Un [&hellip;]<\/p>\n","protected":false},"author":2,"featured_media":98544,"comment_status":"closed","ping_status":"closed","sticky":false,"template":"","format":"standard","meta":{"sfio_featured_image":false,"sfio_embed_code":"","footnotes":""},"categories":[221,220],"tags":[],"class_list":["post-98546","post","type-post","status-publish","format-standard","has-post-thumbnail","hentry","category-barcelona-fr","category-la-liga-fr"],"_links":{"self":[{"href":"https:\/\/www.fanzword.com\/fr\/wp-json\/wp\/v2\/posts\/98546","targetHints":{"allow":["GET"]}}],"collection":[{"href":"https:\/\/www.fanzword.com\/fr\/wp-json\/wp\/v2\/posts"}],"about":[{"href":"https:\/\/www.fanzword.com\/fr\/wp-json\/wp\/v2\/types\/post"}],"author":[{"embeddable":true,"href":"https:\/\/www.fanzword.com\/fr\/wp-json\/wp\/v2\/users\/2"}],"replies":[{"embeddable":true,"href":"https:\/\/www.fanzword.com\/fr\/wp-json\/wp\/v2\/comments?post=98546"}],"version-history":[{"count":2,"href":"https:\/\/www.fanzword.com\/fr\/wp-json\/wp\/v2\/posts\/98546\/revisions"}],"predecessor-version":[{"id":98548,"href":"https:\/\/www.fanzword.com\/fr\/wp-json\/wp\/v2\/posts\/98546\/revisions\/98548"}],"wp:featuredmedia":[{"embeddable":true,"href":"https:\/\/www.fanzword.com\/fr\/wp-json\/wp\/v2\/media\/98544"}],"wp:attachment":[{"href":"https:\/\/www.fanzword.com\/fr\/wp-json\/wp\/v2\/media?parent=98546"}],"wp:term":[{"taxonomy":"category","embeddable":true,"href":"https:\/\/www.fanzword.com\/fr\/wp-json\/wp\/v2\/categories?post=98546"},{"taxonomy":"post_tag","embeddable":true,"href":"https:\/\/www.fanzword.com\/fr\/wp-json\/wp\/v2\/tags?post=98546"}],"curies":[{"name":"wp","href":"https:\/\/api.w.org\/{rel}","templated":true}]}}