{"id":98535,"date":"2026-09-05T15:20:34","date_gmt":"2026-09-05T15:20:34","guid":{"rendered":"https:\/\/www.fanzword.com\/?p=98535"},"modified":"2026-09-05T15:20:34","modified_gmt":"2026-09-05T15:20:34","slug":"trabzonspor-gerrard-pressenti-pour-entrainer-mohamed-salah-en-turquie","status":"publish","type":"post","link":"https:\/\/www.fanzword.com\/fr\/trabzonspor-gerrard-pressenti-pour-entrainer-mohamed-salah-en-turquie\/","title":{"rendered":"Trabzonspor : Gerrard pressenti pour entra\u00eener Mohamed Salah en Turquie"},"content":{"rendered":"<div class=\"container\">\n<div id=\"model-response-message-contentr_90e55c35c1a5e4ab\" class=\"markdown markdown-main-panel md-content enable-luminous-fast-follows enable-updated-hr-color stronger\" dir=\"ltr\" aria-busy=\"false\" aria-live=\"polite\">\n<p data-path-to-node=\"18\">La l\u00e9gende de Liverpool Steven Gerrard figure sur la liste des candidats pour reprendre les r\u00eanes de Trabzonspor, aux c\u00f4t\u00e9s de Marcelino, S\u00e9rgio Concei\u00e7\u00e3o et V\u00edtor Pereira, \u00e0 la suite du d\u00e9part de Fatih Tekke.<\/p>\n<p data-path-to-node=\"19\">L&rsquo;\u00e9ventualit\u00e9 d&rsquo;une arriv\u00e9e de Gerrard rev\u00eat une dimension particuli\u00e8re pour les supporters de Liverpool, puisqu&rsquo;elle lui offrirait l&rsquo;opportunit\u00e9 de collaborer pour la premi\u00e8re fois avec Mohamed Salah. L&rsquo;attaquant \u00e9gyptien s&rsquo;est engag\u00e9 pour deux saisons avec la formation turque au terme de son aventure historique \u00e0 Anfield.<\/p>\n<p data-path-to-node=\"20\">Les deux figures embl\u00e9matiques des Reds entretiennent une excellente relation : ils se sont notamment retrouv\u00e9s lors d&rsquo;un entretien crois\u00e9 consacr\u00e9 \u00e0 leurs parcours et \u00e0 leurs buts m\u00e9morables. Gerrard avait d&rsquo;ailleurs qualifi\u00e9 Salah de meilleur joueur du monde au sommet de sa forme, avant de prendre publiquement sa d\u00e9fense lors de tensions avec Liverpool, appelant le club \u00e0 pr\u00e9server son statut.<\/p>\n<p data-path-to-node=\"21\">D&rsquo;apr\u00e8s la presse turque, le profil de Gerrard a \u00e9t\u00e9 propos\u00e9 \u00e0 la direction de Trabzonspor et de premiers contacts ont \u00e9t\u00e9 \u00e9tablis avec le technicien de 46 ans, sans qu&rsquo;un accord d\u00e9finitif ne soit trouv\u00e9 pour l&rsquo;instant. Dans le m\u00eame temps, les dirigeants ont entam\u00e9 des d\u00e9marches aupr\u00e8s de Concei\u00e7\u00e3o et Pereira.<\/p>\n<p data-path-to-node=\"22\">Gerrard a d\u00e9but\u00e9 sa carri\u00e8re d&rsquo;entra\u00eeneur au sein de l&rsquo;acad\u00e9mie de Liverpool avant de prendre la t\u00eate des Rangers, qu&rsquo;il a men\u00e9s au titre de champion d&rsquo;\u00c9cosse invaincu lors de la saison 2020-2021, mettant fin \u00e0 neuf ann\u00e9es d&rsquo;h\u00e9g\u00e9monie du Celtic.<\/p>\n<p data-path-to-node=\"23\">Le technicien anglais a rejoint Aston Villa en novembre 2021, mais son aventure a pris fin moins d&rsquo;un an plus tard en raison d&rsquo;une baisse de r\u00e9sultats. Il a ensuite dirig\u00e9 le club saoudien d&rsquo;Al-Ettifaq pendant 18 mois, avant de quitter son poste d&rsquo;un commun accord en janvier 2025 et de rester \u00e9loign\u00e9 des bancs depuis.<\/p>\n<p data-path-to-node=\"24\">Le poste de manager \u00e0 Trabzonspor s&rsquo;est lib\u00e9r\u00e9 apr\u00e8s une p\u00e9riode houleuse, marqu\u00e9e par une d\u00e9faite 4-0 face aux Hongrois de Ferencv\u00e1ros et une \u00e9limination en Ligue Europa sur le score cumul\u00e9 de 5-0. Fatih Tekke a pr\u00e9sent\u00e9 sa d\u00e9mission dans la foul\u00e9e \u2014 d&rsquo;abord refus\u00e9e par le comit\u00e9 directeur, puis accept\u00e9e apr\u00e8s le revers 2-1 conc\u00e9d\u00e9 contre Amedspor.<\/p>\n<p data-path-to-node=\"25\">Arda Turan faisait partie des premiers noms \u00e9voqu\u00e9s pour succ\u00e9der \u00e0 Tekke, mais les m\u00e9dias turcs ont confirm\u00e9 son refus d&rsquo;abandonner son projet au Shakhtar Donetsk. Le pr\u00e9sident de Trabzonspor a pr\u00e9cis\u00e9 que le technicien turc est sous contrat et ne figure pas parmi les options actuelles, orientant ainsi le club vers la piste d&rsquo;un entra\u00eeneur \u00e9tranger, o\u00f9 Gerrard appara\u00eet comme l&rsquo;une des options majeures.<\/p>\n<\/div>\n<\/div>\n","protected":false},"excerpt":{"rendered":"<p>La l\u00e9gende de Liverpool Steven Gerrard figure sur la liste des candidats pour reprendre les r\u00eanes de Trabzonspor, aux c\u00f4t\u00e9s de Marcelino, S\u00e9rgio Concei\u00e7\u00e3o et V\u00edtor Pereira, \u00e0 la suite du d\u00e9part de Fatih Tekke. L&rsquo;\u00e9ventualit\u00e9 d&rsquo;une arriv\u00e9e de Gerrard rev\u00eat une dimension particuli\u00e8re pour les supporters de Liverpool, puisqu&rsquo;elle lui offrirait l&rsquo;opportunit\u00e9 de collaborer [&hellip;]<\/p>\n","protected":false},"author":2,"featured_media":98532,"comment_status":"closed","ping_status":"closed","sticky":false,"template":"","format":"standard","meta":{"sfio_featured_image":false,"sfio_embed_code":"","footnotes":""},"categories":[214],"tags":[],"class_list":["post-98535","post","type-post","status-publish","format-standard","has-post-thumbnail","hentry","category-mohamed-salah-fr"],"_links":{"self":[{"href":"https:\/\/www.fanzword.com\/fr\/wp-json\/wp\/v2\/posts\/98535","targetHints":{"allow":["GET"]}}],"collection":[{"href":"https:\/\/www.fanzword.com\/fr\/wp-json\/wp\/v2\/posts"}],"about":[{"href":"https:\/\/www.fanzword.com\/fr\/wp-json\/wp\/v2\/types\/post"}],"author":[{"embeddable":true,"href":"https:\/\/www.fanzword.com\/fr\/wp-json\/wp\/v2\/users\/2"}],"replies":[{"embeddable":true,"href":"https:\/\/www.fanzword.com\/fr\/wp-json\/wp\/v2\/comments?post=98535"}],"version-history":[{"count":2,"href":"https:\/\/www.fanzword.com\/fr\/wp-json\/wp\/v2\/posts\/98535\/revisions"}],"predecessor-version":[{"id":98537,"href":"https:\/\/www.fanzword.com\/fr\/wp-json\/wp\/v2\/posts\/98535\/revisions\/98537"}],"wp:featuredmedia":[{"embeddable":true,"href":"https:\/\/www.fanzword.com\/fr\/wp-json\/wp\/v2\/media\/98532"}],"wp:attachment":[{"href":"https:\/\/www.fanzword.com\/fr\/wp-json\/wp\/v2\/media?parent=98535"}],"wp:term":[{"taxonomy":"category","embeddable":true,"href":"https:\/\/www.fanzword.com\/fr\/wp-json\/wp\/v2\/categories?post=98535"},{"taxonomy":"post_tag","embeddable":true,"href":"https:\/\/www.fanzword.com\/fr\/wp-json\/wp\/v2\/tags?post=98535"}],"curies":[{"name":"wp","href":"https:\/\/api.w.org\/{rel}","templated":true}]}}