{"id":98524,"date":"2026-09-05T15:16:55","date_gmt":"2026-09-05T15:16:55","guid":{"rendered":"https:\/\/www.fanzword.com\/?p=98524"},"modified":"2026-09-05T15:16:55","modified_gmt":"2026-09-05T15:16:55","slug":"croatie-luka-modric-repousse-sa-retraite-internationale-et-reste-avec-bilic","status":"publish","type":"post","link":"https:\/\/www.fanzword.com\/fr\/croatie-luka-modric-repousse-sa-retraite-internationale-et-reste-avec-bilic\/","title":{"rendered":"Croatie : Luka Modri\u0107 repousse sa retraite internationale et reste avec Bili\u0107"},"content":{"rendered":"<div class=\"container\">\n<div id=\"model-response-message-contentr_5989fb4322e87521\" class=\"markdown markdown-main-panel md-content animate enable-luminous-fast-follows enable-updated-hr-color stronger\" dir=\"ltr\" aria-busy=\"true\" aria-live=\"polite\">\n<p data-path-to-node=\"18\">Luka Modri\u0107 a tranch\u00e9 quant \u00e0 son avenir international et a d\u00e9cid\u00e9 de poursuivre l&rsquo;aventure avec la s\u00e9lection croate, mettant un terme aux sp\u00e9culations n\u00e9es apr\u00e8s l&rsquo;\u00e9limination face au Portugal en seizi\u00e8mes de finale de la Coupe du monde 2026.<\/p>\n<p data-path-to-node=\"19\">Le milieu de terrain de l&rsquo;AC Milan a fait part de sa d\u00e9cision au nouveau s\u00e9lectionneur Slaven Bili\u0107 ainsi qu&rsquo;au pr\u00e9sident de la f\u00e9d\u00e9ration croate Marijan Kusti\u0107. La f\u00e9d\u00e9ration a confirm\u00e9 dans la foul\u00e9e que son capitaine embl\u00e9matique figurerait dans le groupe pour la prochaine Ligue des Nations.<\/p>\n<p data-path-to-node=\"20\"><b data-path-to-node=\"20\" data-index-in-node=\"0\">Bili\u0107 se r\u00e9jouit du maintien de Modri\u0107<\/b><\/p>\n<p data-path-to-node=\"20\">Slaven Bili\u0107 a chaleureusement accueilli cette nouvelle : \u00ab La d\u00e9cision de Luka me remplit de joie. Nous savons tous ce qu&rsquo;il apporte \u00e0 la Croatie, sur le terrain comme en dehors. \u00bb Le technicien s&rsquo;est r\u00e9joui de retravailler avec lui 14 ans apr\u00e8s leur derni\u00e8re collaboration.<\/p>\n<p data-path-to-node=\"21\">La relation entre les deux hommes remonte aux d\u00e9buts internationaux du Ballon d&rsquo;Or 2018. Bili\u0107 l&rsquo;a dirig\u00e9 en s\u00e9lection de jeunes avant de prendre les r\u00eanes de l&rsquo;\u00e9quipe premi\u00e8re pendant six ans, une p\u00e9riode charni\u00e8re qui a scell\u00e9 le statut de Modri\u0107 parmi les plus grandes l\u00e9gendes du football croate.<\/p>\n<p data-path-to-node=\"22\"><b data-path-to-node=\"22\" data-index-in-node=\"0\">Une carri\u00e8re internationale hors du commun<\/b><\/p>\n<p data-path-to-node=\"22\">Auteur de 29 buts en 202 s\u00e9lections depuis ses d\u00e9buts en mars 2006, le joueur le plus cap\u00e9 de l&rsquo;histoire de la Croatie a guid\u00e9 son pays vers la finale du Mondial 2018, la troisi\u00e8me place au Mondial 2022 et la finale de la Ligue des Nations 2023.<\/p>\n<p data-path-to-node=\"23\">La prochaine apparition du V\u00e9t\u00e9ran aura lieu contre la R\u00e9publique tch\u00e8que lors de la premi\u00e8re journ\u00e9e de la Ligue des Nations,<span class=\"\"> le samedi 26 septembre 2026 \u00e0 20h45 HEC \u00e0 la Fortuna Arena de Prague,<\/span><span class=\"\"> avant un choc face \u00e0 l&rsquo;Espagne trois jours plus tard.<\/span><\/p>\n<p data-path-to-node=\"24\">L&rsquo;exigence du haut niveau ne se limite pas \u00e0 la s\u00e9lection pour le Croate : l&rsquo;AC Milan a prolong\u00e9 son contrat jusqu&rsquo;au 30 juin 2027, apr\u00e8s une premi\u00e8re saison r\u00e9ussie sous le maillot <i data-path-to-node=\"24\" data-index-in-node=\"182\">rossonero<\/i> marqu\u00e9e par 37 matchs disput\u00e9s et 2 buts inscrits.<\/p>\n<p data-path-to-node=\"25\">Alors qu&rsquo;il s&rsquo;appr\u00eate \u00e0 f\u00eater ses 41 ans le 9 septembre, le joueur refuse toujours de raccrocher, d\u00e9termin\u00e9 \u00e0 relever de nouveaux d\u00e9fis europ\u00e9ens avec Milan et \u00e0 \u00e9crire une nouvelle page de sa l\u00e9gende avec la Croatie.<\/p>\n<\/div>\n<\/div>\n","protected":false},"excerpt":{"rendered":"<p>Luka Modri\u0107 a tranch\u00e9 quant \u00e0 son avenir international et a d\u00e9cid\u00e9 de poursuivre l&rsquo;aventure avec la s\u00e9lection croate, mettant un terme aux sp\u00e9culations n\u00e9es apr\u00e8s l&rsquo;\u00e9limination face au Portugal en seizi\u00e8mes de finale de la Coupe du monde 2026. Le milieu de terrain de l&rsquo;AC Milan a fait part de sa d\u00e9cision au nouveau [&hellip;]<\/p>\n","protected":false},"author":2,"featured_media":98521,"comment_status":"closed","ping_status":"closed","sticky":false,"template":"","format":"standard","meta":{"sfio_featured_image":false,"sfio_embed_code":"","footnotes":""},"categories":[326],"tags":[],"class_list":["post-98524","post","type-post","status-publish","format-standard","has-post-thumbnail","hentry","category-coupe-du-monde-2026"],"_links":{"self":[{"href":"https:\/\/www.fanzword.com\/fr\/wp-json\/wp\/v2\/posts\/98524","targetHints":{"allow":["GET"]}}],"collection":[{"href":"https:\/\/www.fanzword.com\/fr\/wp-json\/wp\/v2\/posts"}],"about":[{"href":"https:\/\/www.fanzword.com\/fr\/wp-json\/wp\/v2\/types\/post"}],"author":[{"embeddable":true,"href":"https:\/\/www.fanzword.com\/fr\/wp-json\/wp\/v2\/users\/2"}],"replies":[{"embeddable":true,"href":"https:\/\/www.fanzword.com\/fr\/wp-json\/wp\/v2\/comments?post=98524"}],"version-history":[{"count":1,"href":"https:\/\/www.fanzword.com\/fr\/wp-json\/wp\/v2\/posts\/98524\/revisions"}],"predecessor-version":[{"id":98525,"href":"https:\/\/www.fanzword.com\/fr\/wp-json\/wp\/v2\/posts\/98524\/revisions\/98525"}],"wp:featuredmedia":[{"embeddable":true,"href":"https:\/\/www.fanzword.com\/fr\/wp-json\/wp\/v2\/media\/98521"}],"wp:attachment":[{"href":"https:\/\/www.fanzword.com\/fr\/wp-json\/wp\/v2\/media?parent=98524"}],"wp:term":[{"taxonomy":"category","embeddable":true,"href":"https:\/\/www.fanzword.com\/fr\/wp-json\/wp\/v2\/categories?post=98524"},{"taxonomy":"post_tag","embeddable":true,"href":"https:\/\/www.fanzword.com\/fr\/wp-json\/wp\/v2\/tags?post=98524"}],"curies":[{"name":"wp","href":"https:\/\/api.w.org\/{rel}","templated":true}]}}