{"id":98502,"date":"2026-09-04T22:07:47","date_gmt":"2026-09-04T22:07:47","guid":{"rendered":"https:\/\/www.fanzword.com\/?p=98502"},"modified":"2026-09-04T22:07:47","modified_gmt":"2026-09-04T22:07:47","slug":"polemique-autour-du-penalty-manque-par-kylian-mbappe-face-au-betis","status":"publish","type":"post","link":"https:\/\/www.fanzword.com\/fr\/polemique-autour-du-penalty-manque-par-kylian-mbappe-face-au-betis\/","title":{"rendered":"Pol\u00e9mique autour du penalty manqu\u00e9 par Kylian Mbapp\u00e9 face au Betis"},"content":{"rendered":"<div class=\"container\">\n<div id=\"model-response-message-contentr_bb7d483d4aa0319e\" class=\"markdown markdown-main-panel md-content enable-luminous-fast-follows enable-updated-hr-color stronger\" dir=\"ltr\" aria-busy=\"false\" aria-live=\"polite\">\n<p data-path-to-node=\"17\">Le penalty manqu\u00e9 par Kylian Mbapp\u00e9 face au Real Betis a provoqu\u00e9 une vive pol\u00e9mique, accompagn\u00e9e de r\u00e9clamations pour qu&rsquo;il soit retrac\u00e9 et d&rsquo;accusations envers l&rsquo;arbitre d&rsquo;avoir priv\u00e9 le Real Madrid d&rsquo;une ultime chance d&rsquo;\u00e9viter la d\u00e9faite.<\/p>\n<p data-path-to-node=\"18\">L&rsquo;arbitre Hern\u00e1ndez Hern\u00e1ndez a accord\u00e9 le penalty \u00e0 la 93e minute apr\u00e8s une faute de Natan sur Vin\u00edcius J\u00fanior. Cependant, \u00c1lvaro Valles a repouss\u00e9 la tentative de Mbapp\u00e9 avant que Marc Bartra n&rsquo;intervienne pour d\u00e9gager le ballon en corner.<\/p>\n<p data-path-to-node=\"19\">Les ralentis t\u00e9l\u00e9vis\u00e9s ont r\u00e9v\u00e9l\u00e9 que Bartra s&rsquo;\u00e9tait introduit pr\u00e9matur\u00e9ment dans la surface, son pied gauche ayant d\u00e9pass\u00e9 la ligne avant le tir du Fran\u00e7ais. Le d\u00e9fenseur est ensuite directement intervenu dans le jeu en d\u00e9gageant le ballon repouss\u00e9, emp\u00eachant l&rsquo;attaquant de tenter sa chance \u00e0 nouveau.<\/p>\n<p data-path-to-node=\"20\">Selon les r\u00e8gles en vigueur pour la saison 2026-2027, la position d&rsquo;un joueur lors d&rsquo;une reprise de jeu est d\u00e9termin\u00e9e par l&#8217;emplacement de ses pieds ou la partie en contact avec le sol. Si un d\u00e9fenseur p\u00e9n\u00e8tre pr\u00e9matur\u00e9ment dans la surface et influe sur l&rsquo;action apr\u00e8s un renvoi, le penalty doit \u00eatre \u00e0 nouveau tir\u00e9.<\/p>\n<p data-path-to-node=\"21\">La cha\u00eene officielle Real Madrid TV a vivement critiqu\u00e9 le corps arbitral, soulignant que tout le monde s&rsquo;attendait \u00e0 une intervention de l&rsquo;arbitre vid\u00e9o Iglesias Villanueva pour ordonner \u00e0 l&rsquo;arbitre central de faire retirer le penalty, avant que le jeu ne reprenne \u00e0 la surprise g\u00e9n\u00e9rale par un simple corner.<\/p>\n<p data-path-to-node=\"22\">\u00ab On voit clairement le joueur du Betis, avec sa chaussure gauche enti\u00e8rement au-del\u00e0 de la ligne \u00bb, a d\u00e9plor\u00e9 la cha\u00eene, s&rsquo;interrogeant sur les raisons du silence du VAR alors que Bartra a directement priv\u00e9 Mbapp\u00e9 d&rsquo;une possibilit\u00e9 de reprendre le ballon.<\/p>\n<p data-path-to-node=\"23\">L&rsquo;expert en arbitrage Eduardo Iturralde Gonz\u00e1lez a confirm\u00e9 la l\u00e9gitimit\u00e9 des r\u00e9clamations madril\u00e8nes, affirmant que le penalty aurait d\u00fb \u00eatre tir\u00e9 une seconde fois conform\u00e9ment aux directives actuelles. Apr\u00e8s cette d\u00e9faite 1-0, la question demeure : Mbapp\u00e9 a-t-il simplement manqu\u00e9 l&rsquo;\u00e9galisation, ou le Real Madrid a-t-il \u00e9t\u00e9 priv\u00e9 d&rsquo;un penalty \u00e0 rejouer qui aurait pu changer le cours du match ?<\/p>\n<\/div>\n<\/div>\n","protected":false},"excerpt":{"rendered":"<p>Le penalty manqu\u00e9 par Kylian Mbapp\u00e9 face au Real Betis a provoqu\u00e9 une vive pol\u00e9mique, accompagn\u00e9e de r\u00e9clamations pour qu&rsquo;il soit retrac\u00e9 et d&rsquo;accusations envers l&rsquo;arbitre d&rsquo;avoir priv\u00e9 le Real Madrid d&rsquo;une ultime chance d&rsquo;\u00e9viter la d\u00e9faite. L&rsquo;arbitre Hern\u00e1ndez Hern\u00e1ndez a accord\u00e9 le penalty \u00e0 la 93e minute apr\u00e8s une faute de Natan sur Vin\u00edcius [&hellip;]<\/p>\n","protected":false},"author":2,"featured_media":98500,"comment_status":"closed","ping_status":"closed","sticky":false,"template":"","format":"standard","meta":{"sfio_featured_image":false,"sfio_embed_code":"","footnotes":""},"categories":[219,220,222],"tags":[],"class_list":["post-98502","post","type-post","status-publish","format-standard","has-post-thumbnail","hentry","category-kylian-mbappe-fr","category-la-liga-fr","category-real-madrid-fr"],"_links":{"self":[{"href":"https:\/\/www.fanzword.com\/fr\/wp-json\/wp\/v2\/posts\/98502","targetHints":{"allow":["GET"]}}],"collection":[{"href":"https:\/\/www.fanzword.com\/fr\/wp-json\/wp\/v2\/posts"}],"about":[{"href":"https:\/\/www.fanzword.com\/fr\/wp-json\/wp\/v2\/types\/post"}],"author":[{"embeddable":true,"href":"https:\/\/www.fanzword.com\/fr\/wp-json\/wp\/v2\/users\/2"}],"replies":[{"embeddable":true,"href":"https:\/\/www.fanzword.com\/fr\/wp-json\/wp\/v2\/comments?post=98502"}],"version-history":[{"count":1,"href":"https:\/\/www.fanzword.com\/fr\/wp-json\/wp\/v2\/posts\/98502\/revisions"}],"predecessor-version":[{"id":98503,"href":"https:\/\/www.fanzword.com\/fr\/wp-json\/wp\/v2\/posts\/98502\/revisions\/98503"}],"wp:featuredmedia":[{"embeddable":true,"href":"https:\/\/www.fanzword.com\/fr\/wp-json\/wp\/v2\/media\/98500"}],"wp:attachment":[{"href":"https:\/\/www.fanzword.com\/fr\/wp-json\/wp\/v2\/media?parent=98502"}],"wp:term":[{"taxonomy":"category","embeddable":true,"href":"https:\/\/www.fanzword.com\/fr\/wp-json\/wp\/v2\/categories?post=98502"},{"taxonomy":"post_tag","embeddable":true,"href":"https:\/\/www.fanzword.com\/fr\/wp-json\/wp\/v2\/tags?post=98502"}],"curies":[{"name":"wp","href":"https:\/\/api.w.org\/{rel}","templated":true}]}}