{"id":98490,"date":"2026-09-04T21:13:56","date_gmt":"2026-09-04T21:13:56","guid":{"rendered":"https:\/\/www.fanzword.com\/?p=98490"},"modified":"2026-09-04T21:13:56","modified_gmt":"2026-09-04T21:13:56","slug":"le-real-betis-fait-tomber-le-real-madrid-malgre-un-penalty-pour-mbappe","status":"publish","type":"post","link":"https:\/\/www.fanzword.com\/fr\/le-real-betis-fait-tomber-le-real-madrid-malgre-un-penalty-pour-mbappe\/","title":{"rendered":"Le Real Betis fait tomber le Real Madrid malgr\u00e9 un penalty pour Mbapp\u00e9"},"content":{"rendered":"<div class=\"container\">\n<div id=\"model-response-message-contentr_e601ee33b3cc77d5\" class=\"markdown markdown-main-panel md-content enable-luminous-fast-follows enable-updated-hr-color stronger\" dir=\"ltr\" aria-busy=\"false\" aria-live=\"polite\">\n<p data-path-to-node=\"19\">Le Real Madrid a subi sa premi\u00e8re d\u00e9faite de l&rsquo;\u00e8re Jos\u00e9 Mourinho II, en s&rsquo;inclinant 1-0 sur la pelouse du Real Betis au stade La Cartuja, en ouverture de la 4e journ\u00e9e de La Liga.<\/p>\n<p data-path-to-node=\"20\">Ce revers met fin \u00e0 une entame de saison parfaite marqu\u00e9e par trois victoires cons\u00e9cutives et 10 buts inscrits. Toutefois, l&rsquo;opposition face \u00e0 un adversaire engag\u00e9 en Ligue des Champions a d\u00e9montr\u00e9 que le projet du technicien portugais n\u00e9cessitait encore des r\u00e9glages.<\/p>\n<p data-path-to-node=\"21\">L&rsquo;entrant Troy Parrott a inscrit l&rsquo;unique but de la rencontre \u00e0 la 80e minute, en poussant au fond des filets un ballon repouss\u00e9 par Thibaut Courtois apr\u00e8s une t\u00eate sur corner de Nelson Deossa, id\u00e9alement servi par Pablo Fornals.<\/p>\n<p data-path-to-node=\"22\">Assi\u00e9g\u00e9s, les Madril\u00e8nes ont manqu\u00e9 de r\u00e9ussite tout au long de la partie : Vin\u00edcius J\u00fanior a trouv\u00e9 le poteau, tandis que Dean Huijsen et Kylian Mbapp\u00e9 ont tous deux heurt\u00e9 la barre transversale. L&rsquo;\u00e9galisation du jeune Carlos Espejo \u00e0 la 86e minute a \u00e9t\u00e9 annul\u00e9e par la VAR pour une position de hors-jeu sur la passe de Marc Cucurella.<\/p>\n<p data-path-to-node=\"23\">Le sc\u00e9nario s&rsquo;est emball\u00e9 dans le temps additionnel lorsque le Real Madrid a obtenu un penalty, offrant \u00e0 Mbapp\u00e9 l&rsquo;occasion d&rsquo;arracher le point du nul. L&rsquo;attaquant fran\u00e7ais a cependant manqu\u00e9 sa tentative, concluant une soir\u00e9e cauchemardesque o\u00f9 il a manqu\u00e9 de pr\u00e9cision dans le dernier geste.<\/p>\n<p data-path-to-node=\"24\">Cette d\u00e9faite n&rsquo;a rien d&rsquo;une surprise totale pour Mourinho, qui avait d\u00e9j\u00e0 soulign\u00e9 lors de son premier passage au club que les revers font partie du jeu et que l&rsquo;essentiel r\u00e9side dans la capacit\u00e9 \u00e0 \u00e9viter les spirales n\u00e9gatives. Le plus dur commence pour l&rsquo;entra\u00eeneur portugais, qui devra \u00e9valuer la capacit\u00e9 de r\u00e9action de son groupe.<\/p>\n<p data-path-to-node=\"25\">Cl\u00e9 de vo\u00fbte de cette rencontre, le seul buteur du match, Troy Parrott, avait effectu\u00e9 ses d\u00e9buts professionnels en Premier League sous les ordres de Mourinho \u00e0 Tottenham alors qu&rsquo;il n&rsquo;avait que 17 ans, avant de retrouver son ancien mentor sept ans plus tard pour lui infliger sa premi\u00e8re d\u00e9faite de la saison. C&rsquo;est \u00e9galement la premi\u00e8re fois de la saison que le Real Madrid reste muet devant le but.<\/p>\n<p data-path-to-node=\"26\">Au classement, le Real Madrid reste bloqu\u00e9 \u00e0 9 points \u00e0 la deuxi\u00e8me place derri\u00e8re le FC Barcelone \u00e0 la diff\u00e9rence de buts, tandis que le Real Betis s&#8217;empare provisoirement de la troisi\u00e8me place avec le m\u00eame total de points.<\/p>\n<p data-path-to-node=\"27\">Les Merengues accueilleront l&rsquo;Inter Milan ce mardi 8 septembre pour la premi\u00e8re journ\u00e9e de la Ligue des Champions, avant de recevoir le Rayo Vallecano au Santiago Bernab\u00e9u le samedi 12 septembre en championnat.<\/p>\n<\/div>\n<\/div>\n","protected":false},"excerpt":{"rendered":"<p>Le Real Madrid a subi sa premi\u00e8re d\u00e9faite de l&rsquo;\u00e8re Jos\u00e9 Mourinho II, en s&rsquo;inclinant 1-0 sur la pelouse du Real Betis au stade La Cartuja, en ouverture de la 4e journ\u00e9e de La Liga. Ce revers met fin \u00e0 une entame de saison parfaite marqu\u00e9e par trois victoires cons\u00e9cutives et 10 buts inscrits. Toutefois, [&hellip;]<\/p>\n","protected":false},"author":2,"featured_media":98488,"comment_status":"closed","ping_status":"closed","sticky":false,"template":"","format":"standard","meta":{"sfio_featured_image":false,"sfio_embed_code":"","footnotes":""},"categories":[220,222],"tags":[],"class_list":["post-98490","post","type-post","status-publish","format-standard","has-post-thumbnail","hentry","category-la-liga-fr","category-real-madrid-fr"],"_links":{"self":[{"href":"https:\/\/www.fanzword.com\/fr\/wp-json\/wp\/v2\/posts\/98490","targetHints":{"allow":["GET"]}}],"collection":[{"href":"https:\/\/www.fanzword.com\/fr\/wp-json\/wp\/v2\/posts"}],"about":[{"href":"https:\/\/www.fanzword.com\/fr\/wp-json\/wp\/v2\/types\/post"}],"author":[{"embeddable":true,"href":"https:\/\/www.fanzword.com\/fr\/wp-json\/wp\/v2\/users\/2"}],"replies":[{"embeddable":true,"href":"https:\/\/www.fanzword.com\/fr\/wp-json\/wp\/v2\/comments?post=98490"}],"version-history":[{"count":1,"href":"https:\/\/www.fanzword.com\/fr\/wp-json\/wp\/v2\/posts\/98490\/revisions"}],"predecessor-version":[{"id":98491,"href":"https:\/\/www.fanzword.com\/fr\/wp-json\/wp\/v2\/posts\/98490\/revisions\/98491"}],"wp:featuredmedia":[{"embeddable":true,"href":"https:\/\/www.fanzword.com\/fr\/wp-json\/wp\/v2\/media\/98488"}],"wp:attachment":[{"href":"https:\/\/www.fanzword.com\/fr\/wp-json\/wp\/v2\/media?parent=98490"}],"wp:term":[{"taxonomy":"category","embeddable":true,"href":"https:\/\/www.fanzword.com\/fr\/wp-json\/wp\/v2\/categories?post=98490"},{"taxonomy":"post_tag","embeddable":true,"href":"https:\/\/www.fanzword.com\/fr\/wp-json\/wp\/v2\/tags?post=98490"}],"curies":[{"name":"wp","href":"https:\/\/api.w.org\/{rel}","templated":true}]}}