{"id":98450,"date":"2026-09-04T13:32:52","date_gmt":"2026-09-04T13:32:52","guid":{"rendered":"https:\/\/www.fanzword.com\/?p=98450"},"modified":"2026-09-04T13:32:52","modified_gmt":"2026-09-04T13:32:52","slug":"diego-simeone-confirme-le-retour-de-julian-alvarez-contre-athletic-bilbao","status":"publish","type":"post","link":"https:\/\/www.fanzword.com\/fr\/diego-simeone-confirme-le-retour-de-julian-alvarez-contre-athletic-bilbao\/","title":{"rendered":"Diego Simeone confirme le retour de Juli\u00e1n \u00c1lvarez contre Athletic Bilbao"},"content":{"rendered":"<div class=\"container\">\n<div id=\"model-response-message-contentr_53ed26dc74662ce4\" class=\"markdown markdown-main-panel md-content enable-luminous-fast-follows enable-updated-hr-color stronger\" dir=\"ltr\" aria-busy=\"false\" aria-live=\"polite\">\n<p data-path-to-node=\"17\">Juli\u00e1n \u00c1lvarez a particip\u00e9 normalement \u00e0 l&rsquo;entra\u00eenement de l&rsquo;Atl\u00e9tico de Madrid avant que l&rsquo;entra\u00eeneur Diego Simeone ne confirme le retour de l&rsquo;attaquant argentin dans le groupe pour affronter l&rsquo;Athletic Bilbao \u00e0 San Mam\u00e9s.<\/p>\n<p data-path-to-node=\"18\">Le retour d&rsquo;\u00c1lvarez intervient apr\u00e8s plusieurs jours difficiles cons\u00e9cutifs \u00e0 l&rsquo;\u00e9chec de son transfert au FC Barcelone et \u00e0 son absence lors de plusieurs s\u00e9ances d&rsquo;entra\u00eenement. Le mercato estival \u00e9tant d\u00e9sormais clos, l&rsquo;international argentin reste un joueur des <i data-path-to-node=\"18\" data-index-in-node=\"264\">Colchoneros<\/i> malgr\u00e9 son souhait publiquement affich\u00e9 de rejoindre le club catalan.<\/p>\n<p data-path-to-node=\"19\">Le Bar\u00e7a avait soumis une offre pour le joueur de 26 ans, mais l&rsquo;Atl\u00e9tico a refus\u00e9 de n\u00e9gocier apr\u00e8s l&rsquo;expiration du d\u00e9lai fix\u00e9 par la direction madril\u00e8ne. L&rsquo;attaquant se retrouve d\u00e9sormais contraint de r\u00e9parer sa relation avec le club et ses supporters apr\u00e8s avoir \u00e9t\u00e9 pris pour cible par les sifflets du public.<\/p>\n<p data-path-to-node=\"20\">Selon des rapports radiophoniques, \u00c1lvarez a \u00e9t\u00e9 tr\u00e8s affect\u00e9 par la tournure des \u00e9v\u00e9nements et par l&rsquo;accueil hostile des supporters d&rsquo;Atl\u00e9tico lors du match contre Villarreal. Une fois le mercato ferm\u00e9 et l&rsquo;option barcelonaise d\u00e9finitivement \u00e9cart\u00e9e, les interrogations se sont multipli\u00e9es quant \u00e0 son retour sur le terrain.<\/p>\n<p data-path-to-node=\"21\">S&rsquo;exprimant avant le d\u00e9placement \u00e0 Bilbao, Simeone a d\u00e9clar\u00e9 : \u00ab Juli\u00e1n sera dans le groupe demain. Il s&rsquo;entra\u00eene bien et nous attendons le meilleur de sa part, tout comme nous l&rsquo;attendons de tous ses co\u00e9quipiers. \u00bb<\/p>\n<p data-path-to-node=\"22\">L&rsquo;entra\u00eeneur argentin a ajout\u00e9 : \u00ab Pour moi, la vie est faite d&rsquo;opportunit\u00e9s, et Juli\u00e1n en a une aujourd&rsquo;hui. Nous passons trop souvent notre temps \u00e0 juger ; nous devrions moins juger et chercher davantage \u00e0 apprendre. J&rsquo;esp\u00e8re que cet \u00e9pisode lui servira d&rsquo;exp\u00e9rience. \u00bb<\/p>\n<p data-path-to-node=\"23\">Simeone a conclu sa conf\u00e9rence de presse par un message positif : \u00ab Je souhaite qu&rsquo;il soit heureux et, comme l&rsquo;a si bien dit Paulo Futre dans une belle vid\u00e9o, qu&rsquo;il le prouve en marquant des buts. \u00bb Le choc \u00e0 San Mam\u00e9s repr\u00e9sentera ainsi la premi\u00e8re v\u00e9ritable occasion pour \u00c1lvarez de tourner la page barcelonaise et de regagner la confiance des supporters de l&rsquo;Atl\u00e9tico.<\/p>\n<\/div>\n<\/div>\n","protected":false},"excerpt":{"rendered":"<p>Juli\u00e1n \u00c1lvarez a particip\u00e9 normalement \u00e0 l&rsquo;entra\u00eenement de l&rsquo;Atl\u00e9tico de Madrid avant que l&rsquo;entra\u00eeneur Diego Simeone ne confirme le retour de l&rsquo;attaquant argentin dans le groupe pour affronter l&rsquo;Athletic Bilbao \u00e0 San Mam\u00e9s. Le retour d&rsquo;\u00c1lvarez intervient apr\u00e8s plusieurs jours difficiles cons\u00e9cutifs \u00e0 l&rsquo;\u00e9chec de son transfert au FC Barcelone et \u00e0 son absence lors [&hellip;]<\/p>\n","protected":false},"author":2,"featured_media":98448,"comment_status":"closed","ping_status":"closed","sticky":false,"template":"","format":"standard","meta":{"sfio_featured_image":false,"sfio_embed_code":"","footnotes":""},"categories":[221,220],"tags":[],"class_list":["post-98450","post","type-post","status-publish","format-standard","has-post-thumbnail","hentry","category-barcelona-fr","category-la-liga-fr"],"_links":{"self":[{"href":"https:\/\/www.fanzword.com\/fr\/wp-json\/wp\/v2\/posts\/98450","targetHints":{"allow":["GET"]}}],"collection":[{"href":"https:\/\/www.fanzword.com\/fr\/wp-json\/wp\/v2\/posts"}],"about":[{"href":"https:\/\/www.fanzword.com\/fr\/wp-json\/wp\/v2\/types\/post"}],"author":[{"embeddable":true,"href":"https:\/\/www.fanzword.com\/fr\/wp-json\/wp\/v2\/users\/2"}],"replies":[{"embeddable":true,"href":"https:\/\/www.fanzword.com\/fr\/wp-json\/wp\/v2\/comments?post=98450"}],"version-history":[{"count":1,"href":"https:\/\/www.fanzword.com\/fr\/wp-json\/wp\/v2\/posts\/98450\/revisions"}],"predecessor-version":[{"id":98451,"href":"https:\/\/www.fanzword.com\/fr\/wp-json\/wp\/v2\/posts\/98450\/revisions\/98451"}],"wp:featuredmedia":[{"embeddable":true,"href":"https:\/\/www.fanzword.com\/fr\/wp-json\/wp\/v2\/media\/98448"}],"wp:attachment":[{"href":"https:\/\/www.fanzword.com\/fr\/wp-json\/wp\/v2\/media?parent=98450"}],"wp:term":[{"taxonomy":"category","embeddable":true,"href":"https:\/\/www.fanzword.com\/fr\/wp-json\/wp\/v2\/categories?post=98450"},{"taxonomy":"post_tag","embeddable":true,"href":"https:\/\/www.fanzword.com\/fr\/wp-json\/wp\/v2\/tags?post=98450"}],"curies":[{"name":"wp","href":"https:\/\/api.w.org\/{rel}","templated":true}]}}