{"id":98441,"date":"2026-09-04T08:59:19","date_gmt":"2026-09-04T08:59:19","guid":{"rendered":"https:\/\/www.fanzword.com\/?p=98441"},"modified":"2026-09-04T08:59:19","modified_gmt":"2026-09-04T08:59:19","slug":"ligue-des-champions-le-real-madrid-se-passe-de-ferland-mendy","status":"publish","type":"post","link":"https:\/\/www.fanzword.com\/fr\/ligue-des-champions-le-real-madrid-se-passe-de-ferland-mendy\/","title":{"rendered":"Ligue des Champions : Le Real Madrid se passe de Ferland Mendy"},"content":{"rendered":"<div class=\"container\">\n<div id=\"model-response-message-contentr_a65aee404eec8da0\" class=\"markdown markdown-main-panel md-content enable-luminous-fast-follows enable-updated-hr-color stronger\" dir=\"ltr\" aria-busy=\"false\" aria-live=\"polite\">\n<p data-path-to-node=\"17\">Le Real Madrid a envoy\u00e9 un message fort \u00e0 Ferland Mendy en excluant le lat\u00e9ral fran\u00e7ais de sa liste pour la phase de ligue de la Ligue des Champions, confirmant sa mise \u00e0 l&rsquo;\u00e9cart alors qu&rsquo;il poursuit une longue convalescence.<\/p>\n<p data-path-to-node=\"18\">Cette d\u00e9cision est d&rsquo;autant plus marquante que l&rsquo;entra\u00eeneur Jos\u00e9 Mourinho a choisi d&rsquo;int\u00e9grer \u00c9der Milit\u00e3o et Rodrygo bien qu&rsquo;ils soient bless\u00e9s, pr\u00e9f\u00e9rant ne pas r\u00e9server de place \u00e0 Mendy avant le premier rendez-vous europ\u00e9en face \u00e0 l&rsquo;Inter Milan au Santiago Bernab\u00e9u.<\/p>\n<p data-path-to-node=\"19\">Mendy est \u00e9loign\u00e9 des terrains depuis la fin de la saison derni\u00e8re apr\u00e8s avoir subi une intervention chirurgicale en mai pour traiter une blessure au droit f\u00e9moral de la jambe droite. Il s&rsquo;agissait de son cinqui\u00e8me p\u00e9pin physique lors de la campagne 2025-2026, au cours de laquelle il n&rsquo;a disput\u00e9 que 9 matchs pour un total de 452 minutes de jeu.<\/p>\n<p data-path-to-node=\"20\">Le Real Madrid n&rsquo;est plus contraint d&rsquo;attendre le retour du Fran\u00e7ais, disposant d\u00e9sormais de deux options op\u00e9rationnelles au poste de lat\u00e9ral gauche avec Marc Cucurella et \u00c1lvaro Carreras, ce qui rendait inutile l&rsquo;ajout d&rsquo;un troisi\u00e8me joueur bless\u00e9 dans la liste europ\u00e9enne.<\/p>\n<p data-path-to-node=\"21\">Mendy figurait en t\u00eate de liste des d\u00e9parts potentiels sur le flanc gauche, le club \u00e9tant ouvert \u00e0 un transfert lors du mercato. Cependant, ses blessures r\u00e9currentes et son indisponibilit\u00e9 actuelle ont rendu la r\u00e9ception d&rsquo;offres concr\u00e8tes presque impossible. Le Real Madrid n&rsquo;a pas cherch\u00e9 \u00e0 le pousser vers la sortie, tandis que le joueur a pr\u00e9f\u00e9r\u00e9 rester pour tenter de regagner sa place.<\/p>\n<p data-path-to-node=\"22\">Arriv\u00e9 au Real Madrid en provenance de Lyon \u00e0 l&rsquo;\u00e9t\u00e9 2019, le joueur de 31 ans compte 210 apparitions sous le maillot merengue, pour 6 buts inscrits et 13 titres remport\u00e9s, dont deux Ligues des Champions et trois championnats d&rsquo;Espagne.<\/p>\n<p data-path-to-node=\"23\">Sous contrat jusqu&rsquo;en juin 2028, son d\u00e9part s&rsquo;annonce complexe sur le plan administratif. Toutefois, son absence de la sc\u00e8ne europ\u00e9enne, alors que d&rsquo;autres convalescents y figurent, illustre clairement son recul dans la hi\u00e9rarchie de l&rsquo;effectif et confirme qu&rsquo;un retour dans les plans de Mourinho n\u00e9cessitera une remise en forme totale.<\/p>\n<\/div>\n<\/div>\n","protected":false},"excerpt":{"rendered":"<p>Le Real Madrid a envoy\u00e9 un message fort \u00e0 Ferland Mendy en excluant le lat\u00e9ral fran\u00e7ais de sa liste pour la phase de ligue de la Ligue des Champions, confirmant sa mise \u00e0 l&rsquo;\u00e9cart alors qu&rsquo;il poursuit une longue convalescence. Cette d\u00e9cision est d&rsquo;autant plus marquante que l&rsquo;entra\u00eeneur Jos\u00e9 Mourinho a choisi d&rsquo;int\u00e9grer \u00c9der Milit\u00e3o [&hellip;]<\/p>\n","protected":false},"author":2,"featured_media":98437,"comment_status":"closed","ping_status":"closed","sticky":false,"template":"","format":"standard","meta":{"sfio_featured_image":false,"sfio_embed_code":"","footnotes":""},"categories":[220,251,222],"tags":[],"class_list":["post-98441","post","type-post","status-publish","format-standard","has-post-thumbnail","hentry","category-la-liga-fr","category-ligue-des-champions","category-real-madrid-fr"],"_links":{"self":[{"href":"https:\/\/www.fanzword.com\/fr\/wp-json\/wp\/v2\/posts\/98441","targetHints":{"allow":["GET"]}}],"collection":[{"href":"https:\/\/www.fanzword.com\/fr\/wp-json\/wp\/v2\/posts"}],"about":[{"href":"https:\/\/www.fanzword.com\/fr\/wp-json\/wp\/v2\/types\/post"}],"author":[{"embeddable":true,"href":"https:\/\/www.fanzword.com\/fr\/wp-json\/wp\/v2\/users\/2"}],"replies":[{"embeddable":true,"href":"https:\/\/www.fanzword.com\/fr\/wp-json\/wp\/v2\/comments?post=98441"}],"version-history":[{"count":1,"href":"https:\/\/www.fanzword.com\/fr\/wp-json\/wp\/v2\/posts\/98441\/revisions"}],"predecessor-version":[{"id":98442,"href":"https:\/\/www.fanzword.com\/fr\/wp-json\/wp\/v2\/posts\/98441\/revisions\/98442"}],"wp:featuredmedia":[{"embeddable":true,"href":"https:\/\/www.fanzword.com\/fr\/wp-json\/wp\/v2\/media\/98437"}],"wp:attachment":[{"href":"https:\/\/www.fanzword.com\/fr\/wp-json\/wp\/v2\/media?parent=98441"}],"wp:term":[{"taxonomy":"category","embeddable":true,"href":"https:\/\/www.fanzword.com\/fr\/wp-json\/wp\/v2\/categories?post=98441"},{"taxonomy":"post_tag","embeddable":true,"href":"https:\/\/www.fanzword.com\/fr\/wp-json\/wp\/v2\/tags?post=98441"}],"curies":[{"name":"wp","href":"https:\/\/api.w.org\/{rel}","templated":true}]}}