{"id":98429,"date":"2026-09-04T08:55:30","date_gmt":"2026-09-04T08:55:30","guid":{"rendered":"https:\/\/www.fanzword.com\/?p=98429"},"modified":"2026-09-04T08:55:30","modified_gmt":"2026-09-04T08:55:30","slug":"ligue-des-champions-hamza-abdelkarim-integre-a-la-liste-a-du-barca","status":"publish","type":"post","link":"https:\/\/www.fanzword.com\/fr\/ligue-des-champions-hamza-abdelkarim-integre-a-la-liste-a-du-barca\/","title":{"rendered":"Ligue des Champions : Hamza Abdelkarim int\u00e9gr\u00e9 \u00e0 la liste A du Bar\u00e7a"},"content":{"rendered":"<div class=\"container\">\n<div id=\"model-response-message-contentr_1697ea04b0e70f7d\" class=\"markdown markdown-main-panel md-content enable-luminous-fast-follows enable-updated-hr-color stronger\" dir=\"ltr\" aria-busy=\"false\" aria-live=\"polite\">\n<p data-path-to-node=\"17\">Hamza Abdelkarim a d\u00e9croch\u00e9 sa place dans la liste du FC Barcelone pour la phase de ligue de la Ligue des Champions, un nouveau signe de la confiance du club envers l&rsquo;attaquant \u00e9gyptien et de sa volont\u00e9 de l&rsquo;int\u00e9grer aux plans de l&rsquo;\u00e9quipe premi\u00e8re.<\/p>\n<p data-path-to-node=\"18\">Le Bar\u00e7a a \u00e9t\u00e9 contraint d&rsquo;inscrire Hamza sur sa \u00ab Liste A \u00bb de 25 joueurs, le jeune attaquant ne remplissant pas encore les conditions d&rsquo;\u00e9ligibilit\u00e9 pour la \u00ab Liste B \u00bb, r\u00e9serv\u00e9e aux joueurs ayant pass\u00e9 au moins deux saisons cons\u00e9cutives au sein de l&rsquo;acad\u00e9mie du club.<\/p>\n<p data-path-to-node=\"19\">Si cette inscription ne garantit pas un temps de jeu effectif, elle confirme que le club catalan souhaite conserver la possibilit\u00e9 de s&rsquo;appuyer sur lui sur la sc\u00e8ne europ\u00e9enne, d&rsquo;autant que le nouveau venu Gabriel Jesus demeure le seul autre v\u00e9ritable avant-centre de m\u00e9tier de l&rsquo;effectif.<\/p>\n<p data-path-to-node=\"20\">Hamza s&rsquo;est impos\u00e9 apr\u00e8s avoir inscrit 6 buts en 11 matchs avec les \u00e9quipes de jeunes, avant de terminer meilleur buteur du Bar\u00e7a lors de la pr\u00e9paration estivale avec 4 r\u00e9alisations, dont un doubl\u00e9 contre Birmingham et un but face \u00e0 Al Ahly lors du Troph\u00e9e Gamper.<\/p>\n<p data-path-to-node=\"21\">L&rsquo;attaquant de 18 ans a d\u00fb attendre la rencontre face au Rayo Vallecano pour effectuer ses d\u00e9buts officiels en Liga, disputant les cinq derni\u00e8res minutes de la partie apr\u00e8s \u00eatre rest\u00e9 sur le banc lors des deux premi\u00e8res journ\u00e9es.<\/p>\n<p data-path-to-node=\"22\">Son faible temps de jeu s&rsquo;explique par la vive concurrence en attaque, illustr\u00e9e par les bonnes prestations de Raphinha dans l&rsquo;axe, tandis que des rapports \u00e9voquent la volont\u00e9 du club de ne pas trop l&rsquo;exposer avant d&rsquo;avoir s\u00e9curis\u00e9 sa situation contractuelle, afin d&rsquo;\u00e9viter d&rsquo;attiser la convoitise en raison d&rsquo;une clause lib\u00e9ratoire actuellement modeste.<\/p>\n<p data-path-to-node=\"23\">Bien que le contrat de Hamza coure jusqu&rsquo;en 2029, la direction n\u00e9gocie avec son agent pour revaloriser son salaire et porter sa clause lib\u00e9ratoire de 15 \u00e0 150 millions d&rsquo;euros, dans le but de le prot\u00e9ger des offres ext\u00e9rieures avant de lui accorder un r\u00f4le plus important en championnat et en Coupe d&rsquo;Europe.<\/p>\n<\/div>\n<\/div>\n","protected":false},"excerpt":{"rendered":"<p>Hamza Abdelkarim a d\u00e9croch\u00e9 sa place dans la liste du FC Barcelone pour la phase de ligue de la Ligue des Champions, un nouveau signe de la confiance du club envers l&rsquo;attaquant \u00e9gyptien et de sa volont\u00e9 de l&rsquo;int\u00e9grer aux plans de l&rsquo;\u00e9quipe premi\u00e8re. Le Bar\u00e7a a \u00e9t\u00e9 contraint d&rsquo;inscrire Hamza sur sa \u00ab Liste [&hellip;]<\/p>\n","protected":false},"author":2,"featured_media":98426,"comment_status":"closed","ping_status":"closed","sticky":false,"template":"","format":"standard","meta":{"sfio_featured_image":false,"sfio_embed_code":"","footnotes":""},"categories":[221,251],"tags":[],"class_list":["post-98429","post","type-post","status-publish","format-standard","has-post-thumbnail","hentry","category-barcelona-fr","category-ligue-des-champions"],"_links":{"self":[{"href":"https:\/\/www.fanzword.com\/fr\/wp-json\/wp\/v2\/posts\/98429","targetHints":{"allow":["GET"]}}],"collection":[{"href":"https:\/\/www.fanzword.com\/fr\/wp-json\/wp\/v2\/posts"}],"about":[{"href":"https:\/\/www.fanzword.com\/fr\/wp-json\/wp\/v2\/types\/post"}],"author":[{"embeddable":true,"href":"https:\/\/www.fanzword.com\/fr\/wp-json\/wp\/v2\/users\/2"}],"replies":[{"embeddable":true,"href":"https:\/\/www.fanzword.com\/fr\/wp-json\/wp\/v2\/comments?post=98429"}],"version-history":[{"count":1,"href":"https:\/\/www.fanzword.com\/fr\/wp-json\/wp\/v2\/posts\/98429\/revisions"}],"predecessor-version":[{"id":98430,"href":"https:\/\/www.fanzword.com\/fr\/wp-json\/wp\/v2\/posts\/98429\/revisions\/98430"}],"wp:featuredmedia":[{"embeddable":true,"href":"https:\/\/www.fanzword.com\/fr\/wp-json\/wp\/v2\/media\/98426"}],"wp:attachment":[{"href":"https:\/\/www.fanzword.com\/fr\/wp-json\/wp\/v2\/media?parent=98429"}],"wp:term":[{"taxonomy":"category","embeddable":true,"href":"https:\/\/www.fanzword.com\/fr\/wp-json\/wp\/v2\/categories?post=98429"},{"taxonomy":"post_tag","embeddable":true,"href":"https:\/\/www.fanzword.com\/fr\/wp-json\/wp\/v2\/tags?post=98429"}],"curies":[{"name":"wp","href":"https:\/\/api.w.org\/{rel}","templated":true}]}}