{"id":98406,"date":"2026-09-04T08:46:54","date_gmt":"2026-09-04T08:46:54","guid":{"rendered":"https:\/\/www.fanzword.com\/?p=98406"},"modified":"2026-09-04T08:46:54","modified_gmt":"2026-09-04T08:46:54","slug":"raul-asensio-presente-ses-excuses-apres-sa-condamnation-pour-conduite-en-etat-divresse","status":"publish","type":"post","link":"https:\/\/www.fanzword.com\/fr\/raul-asensio-presente-ses-excuses-apres-sa-condamnation-pour-conduite-en-etat-divresse\/","title":{"rendered":"Ra\u00fal Asensio pr\u00e9sente ses excuses apr\u00e8s sa condamnation pour conduite en \u00e9tat d&rsquo;ivresse"},"content":{"rendered":"<div class=\"container\">\n<div id=\"model-response-message-contentr_54be448f8b55f959\" class=\"markdown markdown-main-panel md-content enable-luminous-fast-follows enable-updated-hr-color stronger\" dir=\"ltr\" aria-busy=\"false\" aria-live=\"polite\">\n<p data-path-to-node=\"17\">Le d\u00e9fenseur du Real Madrid Ra\u00fal Asensio a pr\u00e9sent\u00e9 des excuses publiques quelques heures seulement apr\u00e8s avoir \u00e9t\u00e9 acquitt\u00e9 dans l&rsquo;affaire de violation du secret li\u00e9e \u00e0 une vid\u00e9o, tout en assumant l&rsquo;enti\u00e8re responsabilit\u00e9 d&rsquo;un autre incident de conduite sous l&#8217;empire d&rsquo;un \u00e9tat alcoolique.<\/p>\n<p data-path-to-node=\"18\">L&rsquo;acquittement d&rsquo;Asensio fait suite \u00e0 la d\u00e9claration devant le tribunal des deux victimes, qui ont confirm\u00e9 accorder leur pardon aux quatre joueurs impliqu\u00e9s, ce qui a entra\u00een\u00e9 l&rsquo;abandon de la seule charge retenue contre le d\u00e9fenseur madril\u00e8ne, \u00e0 savoir le visionnage de la vid\u00e9o par un tiers.<\/p>\n<p data-path-to-node=\"19\">Dans un communiqu\u00e9 officiel, le joueur a remerci\u00e9 le Real Madrid pour sa confiance et son soutien tout au long de la proc\u00e9dure. Il a demand\u00e9 que son acquittement b\u00e9n\u00e9ficie de la m\u00eame couverture m\u00e9diatique que les accusations port\u00e9es contre lui, exprimant son souhait de tourner d\u00e9finitivement la page.<\/p>\n<p data-path-to-node=\"20\">\u00c9voquant l&rsquo;infraction routi\u00e8re, Asensio a d\u00e9clar\u00e9 : \u00ab Je regrette profond\u00e9ment ce qui s&rsquo;est pass\u00e9 et j&rsquo;en assume l&rsquo;enti\u00e8re responsabilit\u00e9 \u00bb, s&rsquo;engageant \u00e0 tirer les le\u00e7ons de cette exp\u00e9rience et \u00e0 ne plus commettre de telles erreurs.<\/p>\n<p data-path-to-node=\"21\">Le joueur avait \u00e9t\u00e9 arr\u00eat\u00e9 le 16 ao\u00fbt \u00e0 Grande Canarie apr\u00e8s avoir \u00e9t\u00e9 contr\u00f4l\u00e9 positif lors de deux tests d&rsquo;alcool\u00e9mie affichant des taux de 0,90 mg\/l et 0,88 mg\/l d&rsquo;air expir\u00e9, contre une limite l\u00e9gale de 0,25 mg\/l, avant d&rsquo;avouer les faits lors d&rsquo;une comparution imm\u00e9diate.<\/p>\n<p data-path-to-node=\"22\">Asensio a \u00e9t\u00e9 condamn\u00e9 \u00e0 une amende de 14 400 euros et \u00e0 une suspension de permis de conduire de huit mois, une sanction qui a provoqu\u00e9 l&rsquo;agacement de Jos\u00e9 Mourinho : \u00ab Je ne suis pas content&#8230; Tout le monde fait des erreurs, mais les accumuler, c&rsquo;est autre chose. \u00bb<\/p>\n<p data-path-to-node=\"23\">Mourinho a rappel\u00e9 qu&rsquo;un joueur du Real Madrid repr\u00e9sente le club 24 heures sur 24, tout en saluant l&rsquo;implication d&rsquo;Asensio au centre d&rsquo;entra\u00eenement. En parall\u00e8le, le club a ouvert un dossier disciplinaire interne pour faire la lumi\u00e8re sur cet \u00e9pisode, laissant l&rsquo;avenir du d\u00e9fenseur sous surveillance alors qu&rsquo;il se remet d&rsquo;une blessure.<\/p>\n<\/div>\n<\/div>\n","protected":false},"excerpt":{"rendered":"<p>Le d\u00e9fenseur du Real Madrid Ra\u00fal Asensio a pr\u00e9sent\u00e9 des excuses publiques quelques heures seulement apr\u00e8s avoir \u00e9t\u00e9 acquitt\u00e9 dans l&rsquo;affaire de violation du secret li\u00e9e \u00e0 une vid\u00e9o, tout en assumant l&rsquo;enti\u00e8re responsabilit\u00e9 d&rsquo;un autre incident de conduite sous l&#8217;empire d&rsquo;un \u00e9tat alcoolique. L&rsquo;acquittement d&rsquo;Asensio fait suite \u00e0 la d\u00e9claration devant le tribunal des [&hellip;]<\/p>\n","protected":false},"author":2,"featured_media":98403,"comment_status":"closed","ping_status":"closed","sticky":false,"template":"","format":"standard","meta":{"sfio_featured_image":false,"sfio_embed_code":"","footnotes":""},"categories":[220,222],"tags":[],"class_list":["post-98406","post","type-post","status-publish","format-standard","has-post-thumbnail","hentry","category-la-liga-fr","category-real-madrid-fr"],"_links":{"self":[{"href":"https:\/\/www.fanzword.com\/fr\/wp-json\/wp\/v2\/posts\/98406","targetHints":{"allow":["GET"]}}],"collection":[{"href":"https:\/\/www.fanzword.com\/fr\/wp-json\/wp\/v2\/posts"}],"about":[{"href":"https:\/\/www.fanzword.com\/fr\/wp-json\/wp\/v2\/types\/post"}],"author":[{"embeddable":true,"href":"https:\/\/www.fanzword.com\/fr\/wp-json\/wp\/v2\/users\/2"}],"replies":[{"embeddable":true,"href":"https:\/\/www.fanzword.com\/fr\/wp-json\/wp\/v2\/comments?post=98406"}],"version-history":[{"count":1,"href":"https:\/\/www.fanzword.com\/fr\/wp-json\/wp\/v2\/posts\/98406\/revisions"}],"predecessor-version":[{"id":98407,"href":"https:\/\/www.fanzword.com\/fr\/wp-json\/wp\/v2\/posts\/98406\/revisions\/98407"}],"wp:featuredmedia":[{"embeddable":true,"href":"https:\/\/www.fanzword.com\/fr\/wp-json\/wp\/v2\/media\/98403"}],"wp:attachment":[{"href":"https:\/\/www.fanzword.com\/fr\/wp-json\/wp\/v2\/media?parent=98406"}],"wp:term":[{"taxonomy":"category","embeddable":true,"href":"https:\/\/www.fanzword.com\/fr\/wp-json\/wp\/v2\/categories?post=98406"},{"taxonomy":"post_tag","embeddable":true,"href":"https:\/\/www.fanzword.com\/fr\/wp-json\/wp\/v2\/tags?post=98406"}],"curies":[{"name":"wp","href":"https:\/\/api.w.org\/{rel}","templated":true}]}}