{"id":98371,"date":"2026-09-04T08:36:38","date_gmt":"2026-09-04T08:36:38","guid":{"rendered":"https:\/\/www.fanzword.com\/?p=98371"},"modified":"2026-09-04T08:36:38","modified_gmt":"2026-09-04T08:36:38","slug":"ligue-des-champions-liverpool-ecarte-federico-chiesa-et-wataru-endo","status":"publish","type":"post","link":"https:\/\/www.fanzword.com\/fr\/ligue-des-champions-liverpool-ecarte-federico-chiesa-et-wataru-endo\/","title":{"rendered":"Ligue des Champions : Liverpool \u00e9carte Federico Chiesa et Wataru Endo"},"content":{"rendered":"<div class=\"container\">\n<div id=\"model-response-message-contentr_88a4abfc22d04876\" class=\"markdown markdown-main-panel md-content enable-luminous-fast-follows enable-updated-hr-color stronger\" dir=\"ltr\" aria-busy=\"false\" aria-live=\"polite\">\n<p data-path-to-node=\"17\">Liverpool a exclu Federico Chiesa et Wataru Endo de sa liste pour la phase de ligue de la Ligue des Champions, une d\u00e9cision qui confirme le recul des deux joueurs dans les plans de l&rsquo;entra\u00eeneur Andoni Iraola.<\/p>\n<p data-path-to-node=\"18\">Le coup est particuli\u00e8rement dur pour Chiesa, qui avait refus\u00e9 de quitter le club lors du mercato estival dans l&rsquo;espoir d&rsquo;obtenir une nouvelle chance \u00e0 Anfield, avant de se retrouver \u00e9cart\u00e9 de la plus prestigieuse comp\u00e9tition europ\u00e9enne.<\/p>\n<p data-path-to-node=\"19\">L&rsquo;ailier italien accumule les p\u00e9pins physiques et peine \u00e0 retrouver son rythme depuis son arriv\u00e9e chez les Reds. La concurrence s&rsquo;est encore intensifi\u00e9e avec les arriv\u00e9es de Bradley Barcola et V\u00edctor Mu\u00f1oz, tandis qu&rsquo;une blessure musculaire l&rsquo;a \u00e9loign\u00e9 des terrains au coup d&rsquo;envoi de la saison de Premier League.<\/p>\n<p data-path-to-node=\"20\">Chiesa avait d\u00e9j\u00e0 connu une situation similaire la saison derni\u00e8re en \u00e9tant exclu de la liste initiale avant d&rsquo;\u00eatre r\u00e9int\u00e9gr\u00e9 \u00e0 la suite de la blessure d&rsquo;Hugo Ekitike. Il n&rsquo;avait accumul\u00e9 que 318 minutes de jeu en championnat lors du dernier exercice.<\/p>\n<p data-path-to-node=\"21\">De son c\u00f4t\u00e9, Endo n&rsquo;est plus une option prioritaire au milieu de terrain apr\u00e8s avoir souffert d&rsquo;une blessure aux ligaments de la cheville et ne disputer que 170 minutes en Premier League la saison pass\u00e9e. Le Japonais fait les frais des restrictions d&rsquo;effectif et de l&#8217;embouteillage dans l&rsquo;entrejeu.<\/p>\n<p data-path-to-node=\"22\">\u00c0 la surprise g\u00e9n\u00e9rale, les bless\u00e9s Hugo Ekitike, Conor Bradley et Giovanni Leoni ont \u00e9t\u00e9 int\u00e9gr\u00e9s \u00e0 la liste malgr\u00e9 leur indisponibilit\u00e9 actuelle, le staff esp\u00e9rant un retour avant la fin de la phase de ligue. Plusieurs jeunes du centre de formation restent \u00e9ligibles via la Liste B.<\/p>\n<p data-path-to-node=\"23\">Liverpool d\u00e9butera son parcours europ\u00e9en le mercredi 9 septembre 2026 avec la r\u00e9ception de l&rsquo;Atl\u00e9tico de Madrid \u00e0 Anfield, avant d&rsquo;affronter le LASK, Villarreal, Fenerbah\u00e7e, le Club Bruges, Porto et l&rsquo;Inter Milan, puis de conclure cette premi\u00e8re phase contre Lens \u00e0 domicile le 27 janvier 2027.<\/p>\n<\/div>\n<\/div>\n","protected":false},"excerpt":{"rendered":"<p>Liverpool a exclu Federico Chiesa et Wataru Endo de sa liste pour la phase de ligue de la Ligue des Champions, une d\u00e9cision qui confirme le recul des deux joueurs dans les plans de l&rsquo;entra\u00eeneur Andoni Iraola. Le coup est particuli\u00e8rement dur pour Chiesa, qui avait refus\u00e9 de quitter le club lors du mercato estival [&hellip;]<\/p>\n","protected":false},"author":2,"featured_media":98368,"comment_status":"closed","ping_status":"closed","sticky":false,"template":"","format":"standard","meta":{"sfio_featured_image":false,"sfio_embed_code":"","footnotes":""},"categories":[251,213],"tags":[],"class_list":["post-98371","post","type-post","status-publish","format-standard","has-post-thumbnail","hentry","category-ligue-des-champions","category-liverpool"],"_links":{"self":[{"href":"https:\/\/www.fanzword.com\/fr\/wp-json\/wp\/v2\/posts\/98371","targetHints":{"allow":["GET"]}}],"collection":[{"href":"https:\/\/www.fanzword.com\/fr\/wp-json\/wp\/v2\/posts"}],"about":[{"href":"https:\/\/www.fanzword.com\/fr\/wp-json\/wp\/v2\/types\/post"}],"author":[{"embeddable":true,"href":"https:\/\/www.fanzword.com\/fr\/wp-json\/wp\/v2\/users\/2"}],"replies":[{"embeddable":true,"href":"https:\/\/www.fanzword.com\/fr\/wp-json\/wp\/v2\/comments?post=98371"}],"version-history":[{"count":2,"href":"https:\/\/www.fanzword.com\/fr\/wp-json\/wp\/v2\/posts\/98371\/revisions"}],"predecessor-version":[{"id":98374,"href":"https:\/\/www.fanzword.com\/fr\/wp-json\/wp\/v2\/posts\/98371\/revisions\/98374"}],"wp:featuredmedia":[{"embeddable":true,"href":"https:\/\/www.fanzword.com\/fr\/wp-json\/wp\/v2\/media\/98368"}],"wp:attachment":[{"href":"https:\/\/www.fanzword.com\/fr\/wp-json\/wp\/v2\/media?parent=98371"}],"wp:term":[{"taxonomy":"category","embeddable":true,"href":"https:\/\/www.fanzword.com\/fr\/wp-json\/wp\/v2\/categories?post=98371"},{"taxonomy":"post_tag","embeddable":true,"href":"https:\/\/www.fanzword.com\/fr\/wp-json\/wp\/v2\/tags?post=98371"}],"curies":[{"name":"wp","href":"https:\/\/api.w.org\/{rel}","templated":true}]}}