{"id":98348,"date":"2026-09-04T08:29:09","date_gmt":"2026-09-04T08:29:09","guid":{"rendered":"https:\/\/www.fanzword.com\/?p=98348"},"modified":"2026-09-04T08:29:09","modified_gmt":"2026-09-04T08:29:09","slug":"ismaila-sarr-frustre-apres-lechec-de-son-transfert-a-liverpool","status":"publish","type":"post","link":"https:\/\/www.fanzword.com\/fr\/ismaila-sarr-frustre-apres-lechec-de-son-transfert-a-liverpool\/","title":{"rendered":"Isma\u00efla Sarr frustr\u00e9 apr\u00e8s l&rsquo;\u00e9chec de son transfert \u00e0 Liverpool"},"content":{"rendered":"<div class=\"container\">\n<div id=\"model-response-message-contentr_eef89d7e75d8a57c\" class=\"markdown markdown-main-panel md-content enable-luminous-fast-follows enable-updated-hr-color stronger\" dir=\"ltr\" aria-busy=\"false\" aria-live=\"polite\">\n<p data-path-to-node=\"17\">Le mercato estival est d\u00e9sormais clos, mais les r\u00e9percussions d&rsquo;un transfert avort\u00e9 se font toujours sentir \u00e0 Crystal Palace, o\u00f9 Isma\u00efla Sarr se retrouve contraint de rester malgr\u00e9 son d\u00e9sir affich\u00e9 de partir.<\/p>\n<p data-path-to-node=\"18\">L&rsquo;entra\u00eeneur Pierre Sage a r\u00e9v\u00e9l\u00e9 que l&rsquo;ailier s\u00e9n\u00e9galais traversait une p\u00e9riode de grande frustration et qu&rsquo;il avait besoin de temps pour dig\u00e9rer les \u00e9v\u00e9nements, d&rsquo;autant plus que rejoindre Liverpool repr\u00e9sentait un v\u00e9ritable r\u00eave pour lui.<\/p>\n<p data-path-to-node=\"19\">Les Reds sont pass\u00e9s \u00e0 l&rsquo;action lors des derniers jours du march\u00e9 en soumettant une offre de 50 millions de livres sterling apr\u00e8s avoir obtenu l&rsquo;accord de Sarr. Toutefois, Crystal Palace a refus\u00e9 de le c\u00e9der sans une indemnit\u00e9 sup\u00e9rieure et sans l&rsquo;assurance de lui trouver un rempla\u00e7ant ad\u00e9quat avant la fermeture du mercato.<\/p>\n<p data-path-to-node=\"20\">Cette situation rappelle celle de Juli\u00e1n \u00c1lvarez, qui avait exprim\u00e9 son souhait de r\u00e9aliser son r\u00eave en rejoignant le FC Barcelone avant que l&rsquo;Atl\u00e9tico de Madrid ne ferme cat\u00e9goriquement la porte et ne refuse toute n\u00e9gociation avec le club catalan, malgr\u00e9 une proposition financi\u00e8re cons\u00e9quente.<\/p>\n<p data-path-to-node=\"21\">Bien que les motivations des deux clubs soient diff\u00e9rentes \u2014 l&rsquo;Atl\u00e9tico refusant de renforcer un rival direct et Palace craignant de perdre un atout offensif majeur sans pouvoir le remplacer \u00e0 temps \u2014, le r\u00e9sultat demeure identique : un joueur d\u00e9\u00e7u et un transfert de r\u00eave envol\u00e9.<\/p>\n<p data-path-to-node=\"22\">L&rsquo;agent de Sarr, Diomansy Kamara, a r\u00e9agi par un communiqu\u00e9 virulent, rappelant que les joueurs africains \u00ab ne sont pas de simples marchandises \u00bb et r\u00e9clamant davantage de respect pour leur carri\u00e8re et leurs ambitions, ainsi qu&rsquo;une prise en compte plus importante de leur parole dans les d\u00e9cisions qui engagent leur avenir.<\/p>\n<p data-path-to-node=\"23\">Pierre Sage a pris la d\u00e9fense de Crystal Palace, affirmant que le club respectait ses joueurs, tout en reconnaissant que Sarr devait se reconstruire sur les plans physique et mental. Il a ensuite appel\u00e9 l&rsquo;attaquant \u00e0 r\u00e9aliser une grande saison et \u00e0 retrouver le chemin des filets s&rsquo;il souhaite de nouveau susciter l&rsquo;int\u00e9r\u00eat des plus grands clubs.<\/p>\n<\/div>\n<\/div>\n","protected":false},"excerpt":{"rendered":"<p>Le mercato estival est d\u00e9sormais clos, mais les r\u00e9percussions d&rsquo;un transfert avort\u00e9 se font toujours sentir \u00e0 Crystal Palace, o\u00f9 Isma\u00efla Sarr se retrouve contraint de rester malgr\u00e9 son d\u00e9sir affich\u00e9 de partir. L&rsquo;entra\u00eeneur Pierre Sage a r\u00e9v\u00e9l\u00e9 que l&rsquo;ailier s\u00e9n\u00e9galais traversait une p\u00e9riode de grande frustration et qu&rsquo;il avait besoin de temps pour dig\u00e9rer [&hellip;]<\/p>\n","protected":false},"author":2,"featured_media":98346,"comment_status":"closed","ping_status":"closed","sticky":false,"template":"","format":"standard","meta":{"sfio_featured_image":false,"sfio_embed_code":"","footnotes":""},"categories":[213,212],"tags":[],"class_list":["post-98348","post","type-post","status-publish","format-standard","has-post-thumbnail","hentry","category-liverpool","category-premier-league"],"_links":{"self":[{"href":"https:\/\/www.fanzword.com\/fr\/wp-json\/wp\/v2\/posts\/98348","targetHints":{"allow":["GET"]}}],"collection":[{"href":"https:\/\/www.fanzword.com\/fr\/wp-json\/wp\/v2\/posts"}],"about":[{"href":"https:\/\/www.fanzword.com\/fr\/wp-json\/wp\/v2\/types\/post"}],"author":[{"embeddable":true,"href":"https:\/\/www.fanzword.com\/fr\/wp-json\/wp\/v2\/users\/2"}],"replies":[{"embeddable":true,"href":"https:\/\/www.fanzword.com\/fr\/wp-json\/wp\/v2\/comments?post=98348"}],"version-history":[{"count":2,"href":"https:\/\/www.fanzword.com\/fr\/wp-json\/wp\/v2\/posts\/98348\/revisions"}],"predecessor-version":[{"id":98350,"href":"https:\/\/www.fanzword.com\/fr\/wp-json\/wp\/v2\/posts\/98348\/revisions\/98350"}],"wp:featuredmedia":[{"embeddable":true,"href":"https:\/\/www.fanzword.com\/fr\/wp-json\/wp\/v2\/media\/98346"}],"wp:attachment":[{"href":"https:\/\/www.fanzword.com\/fr\/wp-json\/wp\/v2\/media?parent=98348"}],"wp:term":[{"taxonomy":"category","embeddable":true,"href":"https:\/\/www.fanzword.com\/fr\/wp-json\/wp\/v2\/categories?post=98348"},{"taxonomy":"post_tag","embeddable":true,"href":"https:\/\/www.fanzword.com\/fr\/wp-json\/wp\/v2\/tags?post=98348"}],"curies":[{"name":"wp","href":"https:\/\/api.w.org\/{rel}","templated":true}]}}