{"id":98335,"date":"2026-09-02T16:38:36","date_gmt":"2026-09-02T16:38:36","guid":{"rendered":"https:\/\/www.fanzword.com\/?p=98335"},"modified":"2026-09-02T16:38:36","modified_gmt":"2026-09-02T16:38:36","slug":"kylian-mbappe-cible-dun-projet-denlevement-dejoue-en-france","status":"publish","type":"post","link":"https:\/\/www.fanzword.com\/fr\/kylian-mbappe-cible-dun-projet-denlevement-dejoue-en-france\/","title":{"rendered":"Kylian Mbapp\u00e9 cible d&rsquo;un projet d&rsquo;enl\u00e8vement d\u00e9jou\u00e9 en France"},"content":{"rendered":"<div class=\"container\">\n<div id=\"model-response-message-contentr_84b126e689ed0b78\" class=\"markdown markdown-main-panel md-content enable-luminous-fast-follows enable-updated-hr-color stronger\" dir=\"ltr\" aria-busy=\"false\" aria-live=\"polite\">\n<p data-path-to-node=\"17\">Les autorit\u00e9s fran\u00e7aises ont mis au jour un projet criminel visant \u00e0 kidnapper et agresser la star du Real Madrid Kylian Mbapp\u00e9, apr\u00e8s la d\u00e9couverte de son nom sur une liste \u00e9tablie par une bande organis\u00e9e ciblant des sportifs, des artistes et de riches hommes d&rsquo;affaires.<\/p>\n<p data-path-to-node=\"18\">Selon les informations de <i data-path-to-node=\"18\" data-index-in-node=\"26\">Le Parisien<\/i>, Cl\u00e9ment L., un Franco-Suisse de 18 ans connu sous le pseudonyme \u00ab Lester Z \u00bb, a \u00e9t\u00e9 mis en examen le 21 ao\u00fbt \u00e0 Nanterre pour vol en bande organis\u00e9e aux c\u00f4t\u00e9s d&rsquo;un complice.<\/p>\n<p data-path-to-node=\"19\">Les autorit\u00e9s le soup\u00e7onnent d&rsquo;avoir orchestr\u00e9 une s\u00e9rie de s\u00e9questrations \u00e0 domicile et de tentatives d&rsquo;enl\u00e8vement entre le 11 avril et le 19 ao\u00fbt \u00e0 Neuilly-sur-Seine, Saint-Brice-sous-For\u00eat et Santeny, et ce depuis sa cellule o\u00f9 il \u00e9tait d\u00e9j\u00e0 incarc\u00e9r\u00e9 pour vol aggrav\u00e9 et prox\u00e9n\u00e9tisme.<\/p>\n<p data-path-to-node=\"20\">Selon l&rsquo;enqu\u00eate, le suspect transmettait ses instructions depuis la prison de Villepinte via l&rsquo;application Snapchat. La saisie de deux t\u00e9l\u00e9phones portables a permis aux enqu\u00eateurs de d\u00e9couvrir les coordonn\u00e9es et adresses de 26 cibles potentielles, dont Kylian Mbapp\u00e9, un rappeurs, des footballeurs professionnels et des chefs d&rsquo;entreprise.<\/p>\n<p data-path-to-node=\"21\">Le r\u00e9seau a commenc\u00e9 \u00e0 tomber apr\u00e8s le ciblage d&rsquo;un horloger \u00e0 Neuilly-sur-Seine le 25 avril. Trois individus d\u00e9guis\u00e9s en livreurs avaient d\u00e9pos\u00e9 un carton vide devant son domicile, provoquant sa m\u00e9fiance. L&rsquo;artisan ayant pr\u00e9venu la police, les suspects avaient pris la fuite.<\/p>\n<p data-path-to-node=\"22\">Quelques jours plus tard, deux hommes arm\u00e9s braquaient la boutique parisienne du m\u00eame horloger, d\u00e9robant 11 montres de luxe estim\u00e9es \u00e0 150 000 euros. L&rsquo;un des braqueurs a \u00e9t\u00e9 interpell\u00e9 apr\u00e8s \u00eatre entr\u00e9 en collision avec un camion lors de sa fuite, et les empreintes relev\u00e9es sur le carton vide ont guid\u00e9 les enqu\u00eateurs vers les autres membres du r\u00e9seau.<\/p>\n<p data-path-to-node=\"23\">La liste comprenait des joailliers, des grossistes et plusieurs personnalit\u00e9s fortun\u00e9es aux c\u00f4t\u00e9s de Mbapp\u00e9, bien que le rapport pr\u00e9cise que le projet d&rsquo;enl\u00e8vement du joueur n&rsquo;a connu aucun d\u00e9but d&rsquo;ex\u00e9cution. Cl\u00e9ment nie \u00eatre le cerveau de l&rsquo;organisation, affirmant n&rsquo;\u00eatre qu&rsquo;un simple interm\u00e9diaire. Il a \u00e9t\u00e9 plac\u00e9 en isolement, tandis que son complice a \u00e9t\u00e9 lib\u00e9r\u00e9 sous contr\u00f4le judiciaire pendant que l&rsquo;instruction se poursuit.<\/p>\n<\/div>\n<\/div>\n","protected":false},"excerpt":{"rendered":"<p>Les autorit\u00e9s fran\u00e7aises ont mis au jour un projet criminel visant \u00e0 kidnapper et agresser la star du Real Madrid Kylian Mbapp\u00e9, apr\u00e8s la d\u00e9couverte de son nom sur une liste \u00e9tablie par une bande organis\u00e9e ciblant des sportifs, des artistes et de riches hommes d&rsquo;affaires. Selon les informations de Le Parisien, Cl\u00e9ment L., un [&hellip;]<\/p>\n","protected":false},"author":2,"featured_media":98333,"comment_status":"closed","ping_status":"closed","sticky":false,"template":"","format":"standard","meta":{"sfio_featured_image":false,"sfio_embed_code":"","footnotes":""},"categories":[219,220,222],"tags":[],"class_list":["post-98335","post","type-post","status-publish","format-standard","has-post-thumbnail","hentry","category-kylian-mbappe-fr","category-la-liga-fr","category-real-madrid-fr"],"_links":{"self":[{"href":"https:\/\/www.fanzword.com\/fr\/wp-json\/wp\/v2\/posts\/98335","targetHints":{"allow":["GET"]}}],"collection":[{"href":"https:\/\/www.fanzword.com\/fr\/wp-json\/wp\/v2\/posts"}],"about":[{"href":"https:\/\/www.fanzword.com\/fr\/wp-json\/wp\/v2\/types\/post"}],"author":[{"embeddable":true,"href":"https:\/\/www.fanzword.com\/fr\/wp-json\/wp\/v2\/users\/2"}],"replies":[{"embeddable":true,"href":"https:\/\/www.fanzword.com\/fr\/wp-json\/wp\/v2\/comments?post=98335"}],"version-history":[{"count":2,"href":"https:\/\/www.fanzword.com\/fr\/wp-json\/wp\/v2\/posts\/98335\/revisions"}],"predecessor-version":[{"id":98337,"href":"https:\/\/www.fanzword.com\/fr\/wp-json\/wp\/v2\/posts\/98335\/revisions\/98337"}],"wp:featuredmedia":[{"embeddable":true,"href":"https:\/\/www.fanzword.com\/fr\/wp-json\/wp\/v2\/media\/98333"}],"wp:attachment":[{"href":"https:\/\/www.fanzword.com\/fr\/wp-json\/wp\/v2\/media?parent=98335"}],"wp:term":[{"taxonomy":"category","embeddable":true,"href":"https:\/\/www.fanzword.com\/fr\/wp-json\/wp\/v2\/categories?post=98335"},{"taxonomy":"post_tag","embeddable":true,"href":"https:\/\/www.fanzword.com\/fr\/wp-json\/wp\/v2\/tags?post=98335"}],"curies":[{"name":"wp","href":"https:\/\/api.w.org\/{rel}","templated":true}]}}