{"id":98325,"date":"2026-09-02T16:22:29","date_gmt":"2026-09-02T16:22:29","guid":{"rendered":"https:\/\/www.fanzword.com\/?p=98325"},"modified":"2026-09-02T16:22:29","modified_gmt":"2026-09-02T16:22:29","slug":"argentine-nico-paz-choisi-pour-heriter-du-maillot-n10-de-lionel-messi","status":"publish","type":"post","link":"https:\/\/www.fanzword.com\/fr\/argentine-nico-paz-choisi-pour-heriter-du-maillot-n10-de-lionel-messi\/","title":{"rendered":"Argentine : Nico Paz choisi pour h\u00e9riter du maillot n\u00b010 de Lionel Messi"},"content":{"rendered":"<div class=\"container\">\n<div id=\"model-response-message-contentr_dd4fbbb8e15c636c\" class=\"markdown markdown-main-panel md-content enable-luminous-fast-follows enable-updated-hr-color stronger\" dir=\"ltr\" aria-busy=\"false\" aria-live=\"polite\">\n<p data-path-to-node=\"18\">Lionel Scaloni a d\u00e9cid\u00e9 d&rsquo;attribuer le l\u00e9gendaire maillot num\u00e9ro 10 de l&rsquo;Argentine \u00e0 Nico Paz, faisant du jeune talent de C\u00f4me l&rsquo;h\u00e9ritier d\u00e9sign\u00e9 du num\u00e9ro historique port\u00e9 par Diego Maradona et Lionel Messi.<\/p>\n<p data-path-to-node=\"19\">Selon le journal <i data-path-to-node=\"19\" data-index-in-node=\"17\">The Sun<\/i>, qui cite des sources argentines, la d\u00e9cision a \u00e9t\u00e9 prise en interne et suscite un grand enthousiasme au sein du staff technique. Toutefois, son officialisation reste li\u00e9e \u00e0 la prolongation de Scaloni, dont les n\u00e9gociations contractuelles doivent d\u00e9buter dans les prochains mois.<\/p>\n<p data-path-to-node=\"20\">Le num\u00e9ro 10 est devenu vacant apr\u00e8s l&rsquo;annonce de la retraite internationale de Lionel Messi le 31 ao\u00fbt, \u00e0 la suite de la finale de la Coupe du Monde 2026 perdue face \u00e0 l&rsquo;Espagne. La Puce a mis fin \u00e0 sa carri\u00e8re internationale avec un bilan de 207 s\u00e9lections et 125 buts, apr\u00e8s avoir remport\u00e9 la Coupe du Monde, deux Copa Am\u00e9rica et la Finalissima.<\/p>\n<p data-path-to-node=\"21\">N\u00e9 \u00e0 Tenerife en 2004, Paz est le fils de l&rsquo;ancien d\u00e9fenseur international argentin Pablo Paz. Il a d\u00e9but\u00e9 sa formation \u00e0 l&rsquo;acad\u00e9mie de Tenerife avant de rejoindre le Real Madrid \u00e0 l&rsquo;\u00e2ge de 11 ans en 2016, gravissant les \u00e9chelons de <i data-path-to-node=\"21\" data-index-in-node=\"233\">La F\u00e1brica<\/i>.<\/p>\n<p data-path-to-node=\"22\">Le meneur de jeu gaucher a disput\u00e9 8 rencontres avec l&rsquo;\u00e9quipe premi\u00e8re du Real Madrid, inscrivant un but remarqu\u00e9 contre Naples en Ligue des Champions, tout en faisant partie de l&rsquo;effectif sacr\u00e9 champion d&rsquo;Europe en 2024 avant son transfert \u00e0 C\u00f4me pour environ 6 millions d&rsquo;euros.<\/p>\n<p data-path-to-node=\"23\">Sous la houlette de Cesc F\u00e0bregas, Paz s&rsquo;est impos\u00e9 comme l&rsquo;une des r\u00e9v\u00e9lations de la Serie A, affichant un bilan de 19 buts et 17 passes d\u00e9cisives en 75 matchs sur deux saisons. Ses 12 buts et 6 passes d\u00e9cisives en championnat la saison derni\u00e8re ont permis \u00e0 C\u00f4me de d\u00e9crocher une historique quatri\u00e8me place et une qualification en Ligue des Champions.<\/p>\n<p data-path-to-node=\"24\">Ses prestations ont pouss\u00e9 C\u00f4me \u00e0 racheter la totalit\u00e9 de ses droits au Real Madrid pour 60 millions d&rsquo;euros. Le club espagnol a n\u00e9anmoins conserv\u00e9 une clause de rachat fix\u00e9e \u00e0 environ 80 millions d&rsquo;euros pour l&rsquo;\u00e9t\u00e9 2027, le joueur ayant pr\u00e9f\u00e9r\u00e9 rester en Italie afin de garantir un temps de jeu r\u00e9gulier.<\/p>\n<p data-path-to-node=\"25\">Sur la sc\u00e8ne internationale, Paz a choisi de repr\u00e9senter l&rsquo;Argentine plut\u00f4t que l&rsquo;Espagne. Il compte \u00e0 ce jour 11 s\u00e9lections pour un but et une passe d\u00e9cisive. Sa premi\u00e8re passe d\u00e9cisive a \u00e9t\u00e9 d\u00e9livr\u00e9e \u00e0 Messi lors de ses d\u00e9buts contre la Bolivie, avant d&rsquo;inscrire un but contre la Mauritanie et de disputer deux rencontres lors de la Coupe du Monde 2026 avec le num\u00e9ro 18.<\/p>\n<\/div>\n<\/div>\n","protected":false},"excerpt":{"rendered":"<p>Lionel Scaloni a d\u00e9cid\u00e9 d&rsquo;attribuer le l\u00e9gendaire maillot num\u00e9ro 10 de l&rsquo;Argentine \u00e0 Nico Paz, faisant du jeune talent de C\u00f4me l&rsquo;h\u00e9ritier d\u00e9sign\u00e9 du num\u00e9ro historique port\u00e9 par Diego Maradona et Lionel Messi. Selon le journal The Sun, qui cite des sources argentines, la d\u00e9cision a \u00e9t\u00e9 prise en interne et suscite un grand enthousiasme [&hellip;]<\/p>\n","protected":false},"author":2,"featured_media":98322,"comment_status":"closed","ping_status":"closed","sticky":false,"template":"","format":"standard","meta":{"sfio_featured_image":false,"sfio_embed_code":"","footnotes":""},"categories":[226],"tags":[],"class_list":["post-98325","post","type-post","status-publish","format-standard","has-post-thumbnail","hentry","category-lionel-messi-fr"],"_links":{"self":[{"href":"https:\/\/www.fanzword.com\/fr\/wp-json\/wp\/v2\/posts\/98325","targetHints":{"allow":["GET"]}}],"collection":[{"href":"https:\/\/www.fanzword.com\/fr\/wp-json\/wp\/v2\/posts"}],"about":[{"href":"https:\/\/www.fanzword.com\/fr\/wp-json\/wp\/v2\/types\/post"}],"author":[{"embeddable":true,"href":"https:\/\/www.fanzword.com\/fr\/wp-json\/wp\/v2\/users\/2"}],"replies":[{"embeddable":true,"href":"https:\/\/www.fanzword.com\/fr\/wp-json\/wp\/v2\/comments?post=98325"}],"version-history":[{"count":2,"href":"https:\/\/www.fanzword.com\/fr\/wp-json\/wp\/v2\/posts\/98325\/revisions"}],"predecessor-version":[{"id":98327,"href":"https:\/\/www.fanzword.com\/fr\/wp-json\/wp\/v2\/posts\/98325\/revisions\/98327"}],"wp:featuredmedia":[{"embeddable":true,"href":"https:\/\/www.fanzword.com\/fr\/wp-json\/wp\/v2\/media\/98322"}],"wp:attachment":[{"href":"https:\/\/www.fanzword.com\/fr\/wp-json\/wp\/v2\/media?parent=98325"}],"wp:term":[{"taxonomy":"category","embeddable":true,"href":"https:\/\/www.fanzword.com\/fr\/wp-json\/wp\/v2\/categories?post=98325"},{"taxonomy":"post_tag","embeddable":true,"href":"https:\/\/www.fanzword.com\/fr\/wp-json\/wp\/v2\/tags?post=98325"}],"curies":[{"name":"wp","href":"https:\/\/api.w.org\/{rel}","templated":true}]}}