{"id":98293,"date":"2026-09-02T15:52:01","date_gmt":"2026-09-02T15:52:01","guid":{"rendered":"https:\/\/www.fanzword.com\/?p=98293"},"modified":"2026-09-02T15:52:01","modified_gmt":"2026-09-02T15:52:01","slug":"real-madrid-raul-asencio-condamne-pour-conduite-en-etat-divresse","status":"publish","type":"post","link":"https:\/\/www.fanzword.com\/fr\/real-madrid-raul-asencio-condamne-pour-conduite-en-etat-divresse\/","title":{"rendered":"Real Madrid : Ra\u00fal Asencio condamn\u00e9 pour conduite en \u00e9tat d&rsquo;ivresse"},"content":{"rendered":"<div class=\"container\">\n<div id=\"model-response-message-contentr_50c43fd23276097f\" class=\"markdown markdown-main-panel md-content enable-luminous-fast-follows enable-updated-hr-color stronger\" dir=\"ltr\" aria-busy=\"false\" aria-live=\"polite\">\n<p data-path-to-node=\"19\">Le d\u00e9fenseur du Real Madrid Ra\u00fal Asencio a subi un nouveau coup dur apr\u00e8s avoir \u00e9t\u00e9 condamn\u00e9 par un tribunal des \u00eeles Canaries pour conduite sous l&#8217;emprise de l&rsquo;alcool, accentuant la pression sur le joueur alors que son temps de jeu au sein du club madril\u00e8ne est au plus bas.<\/p>\n<p data-path-to-node=\"20\">Les faits remontent au 16 ao\u00fbt, lorsque le joueur a \u00e9t\u00e9 interpell\u00e9 par la police dans le sud de la Grande Canarie. Il a comparu trois jours plus tard devant le tribunal lors d&rsquo;une proc\u00e9dure rapide, o\u00f9 il a reconnu les faits et exprim\u00e9 ses regrets.<\/p>\n<p data-path-to-node=\"21\">Le tribunal a condamn\u00e9 Asencio \u00e0 une amende de 14 400 euros (\u00e0 raison de 120 euros par jour pendant quatre mois) ainsi qu&rsquo;\u00e0 une suspension de permis de conduire de huit mois, apr\u00e8s que le joueur a accept\u00e9 la peine requise par le parquet.<\/p>\n<p data-path-to-node=\"22\">La r\u00e9v\u00e9lation de ce jugement intervient quelques heures avant la comparution du d\u00e9fenseur espagnol dans une affaire distincte li\u00e9e \u00e0 des vid\u00e9os \u00e0 caract\u00e8re sexuel film\u00e9es en 2023 sans le consentement des victimes, une dossier dans lequel sont \u00e9galement impliqu\u00e9s trois anciens joueurs du centre de formation du Real Madrid.<\/p>\n<p data-path-to-node=\"23\">Selon la presse espagnole, Asencio n&rsquo;a pas film\u00e9 ni n&rsquo;appara\u00eet sur les s\u00e9quences, mais il est accus\u00e9 d&rsquo;avoir montr\u00e9 l&rsquo;une des vid\u00e9os \u00e0 un tiers. Le parquet avait requis plus de deux ans de prison \u00e0 son encontre, assortis d&rsquo;une amende et d&rsquo;indemnit\u00e9s, bien que des rapports indiquent que la peine pourrait \u00eatre r\u00e9duite ou la peine de prison lev\u00e9e en cas d&rsquo;excuses formelles pr\u00e9sent\u00e9es aux victimes. L&rsquo;affaire est toujours en cours d&rsquo;instruction.<\/p>\n<p data-path-to-node=\"24\">Sur le plan sportif, Asencio n&rsquo;a disput\u00e9 aucune rencontre avec le Real Madrid cette saison apr\u00e8s avoir subi deux blessures durant la pr\u00e9paration, dont une l\u00e9sion musculaire au droit f\u00e9moral de la jambe droite, l&#8217;emp\u00eachant de retrouver sa forme et de s&rsquo;imposer dans les plans de Jos\u00e9 Mourinho.<\/p>\n<p data-path-to-node=\"25\">La hi\u00e9rarchie des d\u00e9fenseurs s&rsquo;est \u00e9galement d\u00e9t\u00e9rior\u00e9e pour le joueur face \u00e0 la concurrence d&rsquo;\u00c9der Milit\u00e3o, Dean Huijsen, Ibrahima Konat\u00e9 et Antonio R\u00fcdiger. Associ\u00e9e au souhait de Mourinho de recruter un nouveau d\u00e9fenseur central, cette situation avait pouss\u00e9 la direction \u00e0 ouvrir la porte \u00e0 un d\u00e9part d&rsquo;Asencio lors du mercato.<\/p>\n<p data-path-to-node=\"26\">Toutefois, les tentatives du Real Madrid pour transf\u00e9rer le joueur n&rsquo;ont pas abouti, faute d&rsquo;offres officielles r\u00e9pondant aux exigences du club et en raison de la volont\u00e9 d&rsquo;Asencio de rester pour faire ses preuves.<\/p>\n<p data-path-to-node=\"27\">Cette nouvelle condamnation vient compliquer davantage son avenir, le contraignant \u00e0 surmonter ses p\u00e9pins physiques et ses d\u00e9boires judiciaires s&rsquo;il esp\u00e8re retrouver une place au sein de l&rsquo;effectif.<\/p>\n<\/div>\n<\/div>\n","protected":false},"excerpt":{"rendered":"<p>Le d\u00e9fenseur du Real Madrid Ra\u00fal Asencio a subi un nouveau coup dur apr\u00e8s avoir \u00e9t\u00e9 condamn\u00e9 par un tribunal des \u00eeles Canaries pour conduite sous l&#8217;emprise de l&rsquo;alcool, accentuant la pression sur le joueur alors que son temps de jeu au sein du club madril\u00e8ne est au plus bas. Les faits remontent au 16 [&hellip;]<\/p>\n","protected":false},"author":2,"featured_media":98290,"comment_status":"closed","ping_status":"closed","sticky":false,"template":"","format":"standard","meta":{"sfio_featured_image":false,"sfio_embed_code":"","footnotes":""},"categories":[220,222],"tags":[],"class_list":["post-98293","post","type-post","status-publish","format-standard","has-post-thumbnail","hentry","category-la-liga-fr","category-real-madrid-fr"],"_links":{"self":[{"href":"https:\/\/www.fanzword.com\/fr\/wp-json\/wp\/v2\/posts\/98293","targetHints":{"allow":["GET"]}}],"collection":[{"href":"https:\/\/www.fanzword.com\/fr\/wp-json\/wp\/v2\/posts"}],"about":[{"href":"https:\/\/www.fanzword.com\/fr\/wp-json\/wp\/v2\/types\/post"}],"author":[{"embeddable":true,"href":"https:\/\/www.fanzword.com\/fr\/wp-json\/wp\/v2\/users\/2"}],"replies":[{"embeddable":true,"href":"https:\/\/www.fanzword.com\/fr\/wp-json\/wp\/v2\/comments?post=98293"}],"version-history":[{"count":1,"href":"https:\/\/www.fanzword.com\/fr\/wp-json\/wp\/v2\/posts\/98293\/revisions"}],"predecessor-version":[{"id":98294,"href":"https:\/\/www.fanzword.com\/fr\/wp-json\/wp\/v2\/posts\/98293\/revisions\/98294"}],"wp:featuredmedia":[{"embeddable":true,"href":"https:\/\/www.fanzword.com\/fr\/wp-json\/wp\/v2\/media\/98290"}],"wp:attachment":[{"href":"https:\/\/www.fanzword.com\/fr\/wp-json\/wp\/v2\/media?parent=98293"}],"wp:term":[{"taxonomy":"category","embeddable":true,"href":"https:\/\/www.fanzword.com\/fr\/wp-json\/wp\/v2\/categories?post=98293"},{"taxonomy":"post_tag","embeddable":true,"href":"https:\/\/www.fanzword.com\/fr\/wp-json\/wp\/v2\/tags?post=98293"}],"curies":[{"name":"wp","href":"https:\/\/api.w.org\/{rel}","templated":true}]}}