{"id":98259,"date":"2026-09-02T15:31:31","date_gmt":"2026-09-02T15:31:31","guid":{"rendered":"https:\/\/www.fanzword.com\/?p=98259"},"modified":"2026-09-02T15:31:31","modified_gmt":"2026-09-02T15:31:31","slug":"mercato-le-real-madrid-refuse-35-me-de-galatasaray-pour-camavinga","status":"publish","type":"post","link":"https:\/\/www.fanzword.com\/fr\/mercato-le-real-madrid-refuse-35-me-de-galatasaray-pour-camavinga\/","title":{"rendered":"Mercato : Le Real Madrid refuse 35 M\u20ac de Galatasaray pour Camavinga"},"content":{"rendered":"<div class=\"container\">\n<div id=\"model-response-message-contentr_679f6c7f67519b22\" class=\"markdown markdown-main-panel md-content enable-luminous-fast-follows enable-updated-hr-color stronger\" dir=\"ltr\" aria-busy=\"false\" aria-live=\"polite\">\n<p data-path-to-node=\"17\">Le Real Madrid a repouss\u00e9 une offre de Galatasaray pour Eduardo Camavinga, laissant le club turc face aux exigences financi\u00e8res \u00e9lev\u00e9es des Merengue avant la fermeture du march\u00e9 des transferts.<\/p>\n<p data-path-to-node=\"18\">Selon le journal <i data-path-to-node=\"18\" data-index-in-node=\"17\">Fotoma\u00e7<\/i>, Galatasaray n\u00e9gocie avec le Real Madrid depuis juin dernier sous l&rsquo;impulsion de son pr\u00e9sident Dursun \u00d6zbek, qui souhaite faire du milieu de terrain fran\u00e7ais la recrue phare de l&rsquo;\u00e9t\u00e9.<\/p>\n<p data-path-to-node=\"19\">L&rsquo;offre de Galatasaray a atteint 35 millions d&rsquo;euros, mais le Real Madrid l&rsquo;a refus\u00e9e et exige au moins 50 millions d&rsquo;euros. Le club turc \u00e9tudie d\u00e9sormais la possibilit\u00e9 d&rsquo;un pr\u00eat assorti d&rsquo;une obligation d&rsquo;achat pour atteindre la somme r\u00e9clam\u00e9e.<\/p>\n<p data-path-to-node=\"20\">La direction du Real Madrid s&rsquo;est montr\u00e9e ouverte \u00e0 l&rsquo;id\u00e9e de se s\u00e9parer de Camavinga, m\u00eame sans recruter de rempla\u00e7ant au milieu de terrain, le joueur n&rsquo;\u00e9tant plus consid\u00e9r\u00e9 comme un titulaire indiscutable dans les plans de Jos\u00e9 Mourinho. Cependant, le club refuse de le c\u00e9der en de\u00e7\u00e0 de son \u00e9valuation financi\u00e8re pour un joueur sous contrat jusqu&rsquo;en 2029.<\/p>\n<p data-path-to-node=\"21\">Le joueur de 23 ans a souffert de blessures, d&rsquo;une baisse de forme et de critiques sur ses pertes de balle, perdant progressivement la confiance des supporters du Santiago Bernab\u00e9u et glissant dans la hi\u00e9rarchie derri\u00e8re Federico Valverde, Aur\u00e9lien Tchouam\u00e9ni, Jude Bellingham et Arda G\u00fcler.<\/p>\n<p data-path-to-node=\"22\">Camavinga a n\u00e9anmoins particip\u00e9 aux trois premi\u00e8res rencontres de Liga du Real Madrid sous la conduite de Mourinho cette saison, pour une seule titularisation et un total de 112 minutes disput\u00e9es (sans but ni passe d\u00e9cisive), jouant l&rsquo;int\u00e9gralit\u00e9 du match contre M\u00e1laga avant d&rsquo;\u00eatre la cible des critiques.<\/p>\n<p data-path-to-node=\"23\">Galatasaray va poursuivre ses d\u00e9marches jusqu&rsquo;\u00e0 la cl\u00f4ture du mercato en Turquie le 4 septembre. L&rsquo;aboutissement du transfert d\u00e9pendra d&rsquo;une revalorisation de l&rsquo;offre, d&rsquo;une flexibilit\u00e9 financi\u00e8re du Real Madrid ou de l&rsquo;accord de Mourinho, d&rsquo;autant que le joueur privil\u00e9gie pour l&rsquo;instant l&rsquo;option de rester pour se battre pour sa place.<\/p>\n<\/div>\n<\/div>\n","protected":false},"excerpt":{"rendered":"<p>Le Real Madrid a repouss\u00e9 une offre de Galatasaray pour Eduardo Camavinga, laissant le club turc face aux exigences financi\u00e8res \u00e9lev\u00e9es des Merengue avant la fermeture du march\u00e9 des transferts. Selon le journal Fotoma\u00e7, Galatasaray n\u00e9gocie avec le Real Madrid depuis juin dernier sous l&rsquo;impulsion de son pr\u00e9sident Dursun \u00d6zbek, qui souhaite faire du milieu [&hellip;]<\/p>\n","protected":false},"author":2,"featured_media":98257,"comment_status":"closed","ping_status":"closed","sticky":false,"template":"","format":"standard","meta":{"sfio_featured_image":false,"sfio_embed_code":"","footnotes":""},"categories":[220,222],"tags":[],"class_list":["post-98259","post","type-post","status-publish","format-standard","has-post-thumbnail","hentry","category-la-liga-fr","category-real-madrid-fr"],"_links":{"self":[{"href":"https:\/\/www.fanzword.com\/fr\/wp-json\/wp\/v2\/posts\/98259","targetHints":{"allow":["GET"]}}],"collection":[{"href":"https:\/\/www.fanzword.com\/fr\/wp-json\/wp\/v2\/posts"}],"about":[{"href":"https:\/\/www.fanzword.com\/fr\/wp-json\/wp\/v2\/types\/post"}],"author":[{"embeddable":true,"href":"https:\/\/www.fanzword.com\/fr\/wp-json\/wp\/v2\/users\/2"}],"replies":[{"embeddable":true,"href":"https:\/\/www.fanzword.com\/fr\/wp-json\/wp\/v2\/comments?post=98259"}],"version-history":[{"count":2,"href":"https:\/\/www.fanzword.com\/fr\/wp-json\/wp\/v2\/posts\/98259\/revisions"}],"predecessor-version":[{"id":98261,"href":"https:\/\/www.fanzword.com\/fr\/wp-json\/wp\/v2\/posts\/98259\/revisions\/98261"}],"wp:featuredmedia":[{"embeddable":true,"href":"https:\/\/www.fanzword.com\/fr\/wp-json\/wp\/v2\/media\/98257"}],"wp:attachment":[{"href":"https:\/\/www.fanzword.com\/fr\/wp-json\/wp\/v2\/media?parent=98259"}],"wp:term":[{"taxonomy":"category","embeddable":true,"href":"https:\/\/www.fanzword.com\/fr\/wp-json\/wp\/v2\/categories?post=98259"},{"taxonomy":"post_tag","embeddable":true,"href":"https:\/\/www.fanzword.com\/fr\/wp-json\/wp\/v2\/tags?post=98259"}],"curies":[{"name":"wp","href":"https:\/\/api.w.org\/{rel}","templated":true}]}}