{"id":98235,"date":"2026-09-02T14:30:25","date_gmt":"2026-09-02T14:30:25","guid":{"rendered":"https:\/\/www.fanzword.com\/?p=98235"},"modified":"2026-09-02T14:30:25","modified_gmt":"2026-09-02T14:30:25","slug":"hakim-ziyech-vers-la-libye-al-ittihad-formule-une-offre-xxl-au-wydad","status":"publish","type":"post","link":"https:\/\/www.fanzword.com\/fr\/hakim-ziyech-vers-la-libye-al-ittihad-formule-une-offre-xxl-au-wydad\/","title":{"rendered":"Hakim Ziyech vers la Libye ? Al-Ittihad formule une offre XXL au Wydad"},"content":{"rendered":"<div class=\"container\">\n<div id=\"model-response-message-contentr_50a9e53d48567098\" class=\"markdown markdown-main-panel md-content enable-luminous-fast-follows enable-updated-hr-color stronger\" dir=\"ltr\" aria-busy=\"false\" aria-live=\"polite\">\n<p data-path-to-node=\"17\">Le club libyen d&rsquo;Al-Ittihad Tripoli est entr\u00e9 en force dans le dossier Hakim Ziyech en soumettant une offre financi\u00e8re tr\u00e8s importante pour s&rsquo;offrir l&rsquo;international marocain, profitant des tensions croissantes entre le joueur et la direction du Wydad Casablanca.<\/p>\n<p data-path-to-node=\"18\">La crise a \u00e9clat\u00e9 lorsque le nouveau pr\u00e9sident du Wydad, Ibrahim El Asri, a demand\u00e9 \u00e0 Ziyech de r\u00e9duire son salaire mensuel d&rsquo;environ 1 million de dirhams marocains (100 millions de centimes) ou d&rsquo;accepter une r\u00e9siliation \u00e0 l&rsquo;amiable. L&rsquo;ailier de 33 ans a rejet\u00e9 les deux options, exigeant le respect des termes arr\u00eat\u00e9s avec l&rsquo;ancienne direction pr\u00e9sid\u00e9e par Hicham A\u00eft Menna.<\/p>\n<p data-path-to-node=\"19\">La tension est mont\u00e9e d&rsquo;un cran apr\u00e8s l&rsquo;\u00e9viction de Ziyech lors du match amical contre la Renaissance de Zemamra et son exclusion du stage de pr\u00e9paration \u00e0 Agadir. Le joueur a imput\u00e9 la responsabilit\u00e9 de cette d\u00e9cision au pr\u00e9sident du Wydad, l&rsquo;accusant dans un commentaire sur Instagram de cacher la v\u00e9rit\u00e9 sur les r\u00e9elles raisons de sa mise \u00e0 l&rsquo;\u00e9cart.<\/p>\n<p data-path-to-node=\"20\">Selon plusieurs rapports, Al-Ittihad Tripoli dispose des moyens financiers n\u00e9cessaires pour assumer le salaire de Ziyech et conclure le transfert, bien que le montant exact de l&rsquo;offre n&rsquo;ait pas \u00e9t\u00e9 d\u00e9voil\u00e9. Cela fait du club libyen la destination la plus s\u00e9rieuse pour le joueur si son aventure au Wydad touche \u00e0 sa fin.<\/p>\n<p data-path-to-node=\"21\">Ziyech exige le versement int\u00e9gral de ses indemnit\u00e9s et le respect de son contrat qui court jusqu&rsquo;en juin 2027. De son c\u00f4t\u00e9, la direction du Wydad souhaite se lib\u00e9rer d&rsquo;une masse salariale pesante sur ses finances, poussant l&rsquo;international marocain \u00e0 envisager un recours aupr\u00e8s de la FIFA en l&rsquo;absence d&rsquo;un accord \u00e0 l&rsquo;amiable.<\/p>\n<p data-path-to-node=\"22\">L&rsquo;ancien joueur d&rsquo;Ajax et de Chelsea avait rejoint le Wydad en transfert libre en octobre 2025 apr\u00e8s un court passage \u00e0 Al-Duhail au Qatar. Depuis son arriv\u00e9e, il a disput\u00e9 16 rencontres toutes comp\u00e9titions confondues et inscrit 9 buts (dont 8 en 12 matchs de Botola Pro), avant qu&rsquo;une op\u00e9ration chirurgicale ne mette fin pr\u00e9matur\u00e9ment \u00e0 sa premi\u00e8re saison.<\/p>\n<p data-path-to-node=\"23\">Prochaine \u00e9tape : une nouvelle session de n\u00e9gociations entre Ziyech et le Wydad pour r\u00e9gler ses arri\u00e9r\u00e9s afin de finaliser son d\u00e9part vers Al-Ittihad ou rompre le contrat d&rsquo;un commun accord. Un recours formel devant la FIFA reste le sc\u00e9nario le plus probable si le blocage persiste, m\u00eame si la proposition libyenne offre une porte de sortie financi\u00e8re et juridique pour l&rsquo;ensemble des parties.<\/p>\n<\/div>\n<\/div>\n","protected":false},"excerpt":{"rendered":"<p>Le club libyen d&rsquo;Al-Ittihad Tripoli est entr\u00e9 en force dans le dossier Hakim Ziyech en soumettant une offre financi\u00e8re tr\u00e8s importante pour s&rsquo;offrir l&rsquo;international marocain, profitant des tensions croissantes entre le joueur et la direction du Wydad Casablanca. La crise a \u00e9clat\u00e9 lorsque le nouveau pr\u00e9sident du Wydad, Ibrahim El Asri, a demand\u00e9 \u00e0 Ziyech [&hellip;]<\/p>\n","protected":false},"author":2,"featured_media":98233,"comment_status":"closed","ping_status":"closed","sticky":false,"template":"","format":"standard","meta":{"sfio_featured_image":false,"sfio_embed_code":"","footnotes":""},"categories":[254],"tags":[],"class_list":["post-98235","post","type-post","status-publish","format-standard","has-post-thumbnail","hentry","category-football-arabe"],"_links":{"self":[{"href":"https:\/\/www.fanzword.com\/fr\/wp-json\/wp\/v2\/posts\/98235","targetHints":{"allow":["GET"]}}],"collection":[{"href":"https:\/\/www.fanzword.com\/fr\/wp-json\/wp\/v2\/posts"}],"about":[{"href":"https:\/\/www.fanzword.com\/fr\/wp-json\/wp\/v2\/types\/post"}],"author":[{"embeddable":true,"href":"https:\/\/www.fanzword.com\/fr\/wp-json\/wp\/v2\/users\/2"}],"replies":[{"embeddable":true,"href":"https:\/\/www.fanzword.com\/fr\/wp-json\/wp\/v2\/comments?post=98235"}],"version-history":[{"count":2,"href":"https:\/\/www.fanzword.com\/fr\/wp-json\/wp\/v2\/posts\/98235\/revisions"}],"predecessor-version":[{"id":98237,"href":"https:\/\/www.fanzword.com\/fr\/wp-json\/wp\/v2\/posts\/98235\/revisions\/98237"}],"wp:featuredmedia":[{"embeddable":true,"href":"https:\/\/www.fanzword.com\/fr\/wp-json\/wp\/v2\/media\/98233"}],"wp:attachment":[{"href":"https:\/\/www.fanzword.com\/fr\/wp-json\/wp\/v2\/media?parent=98235"}],"wp:term":[{"taxonomy":"category","embeddable":true,"href":"https:\/\/www.fanzword.com\/fr\/wp-json\/wp\/v2\/categories?post=98235"},{"taxonomy":"post_tag","embeddable":true,"href":"https:\/\/www.fanzword.com\/fr\/wp-json\/wp\/v2\/tags?post=98235"}],"curies":[{"name":"wp","href":"https:\/\/api.w.org\/{rel}","templated":true}]}}