{"id":98225,"date":"2026-09-01T17:56:15","date_gmt":"2026-09-01T17:56:15","guid":{"rendered":"https:\/\/www.fanzword.com\/?p=98225"},"modified":"2026-09-01T17:56:15","modified_gmt":"2026-09-01T17:56:15","slug":"chema-andres-rejoint-brighton-belle-plus-value-pour-le-real-madrid","status":"publish","type":"post","link":"https:\/\/www.fanzword.com\/fr\/chema-andres-rejoint-brighton-belle-plus-value-pour-le-real-madrid\/","title":{"rendered":"Chema Andr\u00e9s rejoint Brighton : Belle plus-value pour le Real Madrid"},"content":{"rendered":"<div class=\"container\">\n<div id=\"model-response-message-contentr_1453accc9c4ba18d\" class=\"markdown markdown-main-panel md-content enable-luminous-fast-follows enable-updated-hr-color stronger\" dir=\"ltr\" aria-busy=\"false\" aria-live=\"polite\">\n<p data-path-to-node=\"17\">Le Real Madrid s&rsquo;appr\u00eate \u00e0 empocher un nouveau gain financier gr\u00e2ce \u00e0 son centre de formation sans \u00eatre directement partie prenante \u00e0 la transaction, apr\u00e8s l&rsquo;accord trouv\u00e9 par Brighton lors du dernier jour du mercato pour recruter le milieu de terrain de Stuttgart, Chema Andr\u00e9s.<\/p>\n<p data-path-to-node=\"18\">Un accord verbal a \u00e9t\u00e9 conclu entre les deux formations, le joueur de 21 ans s&rsquo;\u00e9tant d\u00e9plac\u00e9 pour passer sa visite m\u00e9dicale avant de finaliser son transfert vers la Premier League.<\/p>\n<p data-path-to-node=\"19\">L&rsquo;op\u00e9ration pourrait atteindre 23 millions d&rsquo;euros, bonus compris, permettant au Real Madrid de toucher environ 11.5 millions d&rsquo;euros si l&rsquo;ensemble des conditions est rempli, le club espagnol ayant conserv\u00e9 50 % des droits du joueur lors de son d\u00e9part en Allemagne.<\/p>\n<p data-path-to-node=\"20\"><b data-path-to-node=\"20\" data-index-in-node=\"0\">Comment le Real Madrid a pr\u00e9serv\u00e9 les droits de Chema Andr\u00e9s<\/b><\/p>\n<p data-path-to-node=\"20\">Le Real Madrid avait c\u00e9d\u00e9 Chema \u00e0 Stuttgart le 27 juillet 2025 pour seulement 3 millions d&rsquo;euros pour la moiti\u00e9 de ses droits, tout en conservant l&rsquo;autre moiti\u00e9 et des clauses de rachat futur. Ainsi, le total engrang\u00e9 par le club gr\u00e2ce au joueur pourrait s&rsquo;\u00e9lever \u00e0 14,5 millions d&rsquo;euros, alors qu&rsquo;il n&rsquo;a disput\u00e9 que 37 minutes avec l&rsquo;\u00e9quipe premi\u00e8re.<\/p>\n<p data-path-to-node=\"21\">Le milieu d\u00e9fensif s&rsquo;est rapidement impos\u00e9 en Allemagne, disputant la saison derni\u00e8re 23 matchs de Bundesliga pour deux buts inscrits, ainsi que 9 rencontres et un but en Ligue Europa, 3 apparitions en Coupe d&rsquo;Allemagne, tout en devenant un \u00e9l\u00e9ment r\u00e9gulier de la s\u00e9lection espagnole espoirs (U21).<\/p>\n<p data-path-to-node=\"22\"><b data-path-to-node=\"22\" data-index-in-node=\"0\">L&rsquo;acad\u00e9mie du Real Madrid continue de rapporter des millions<\/b><\/p>\n<p data-path-to-node=\"22\">Cette rentr\u00e9e d&rsquo;argent attendue s&rsquo;ajoute \u00e0 un \u00e9t\u00e9 historique pour la formation madril\u00e8ne, dont les recettes issues de la vente de ses anciens jeunes et de ses pourcentages \u00e0 la revente ont d\u00e9pass\u00e9 les 200 millions d&rsquo;euros. Cette dynamique s&rsquo;appuie sur les mouvements concernant Gonzalo Garc\u00eda, Nico Paz, V\u00edctor Mu\u00f1oz, Mario Gila, \u00c1lvaro Rodr\u00edguez, \u00c1lex Jim\u00e9nez, Fran Garc\u00eda, Mario Mart\u00edn et d&rsquo;autres espoirs.<\/p>\n<p data-path-to-node=\"23\">En int\u00e9grant la part potentielle de Chema, les gains de \u00ab La F\u00e1brica \u00bb d\u00e9passeront la barre des 220 millions d&rsquo;euros selon les estimations publi\u00e9es avant la transaction, confirmant le r\u00f4le cl\u00e9 de l&rsquo;acad\u00e9mie en tant que ressource sportive et financi\u00e8re majeure pour le Real Madrid, m\u00eame lorsque ses talents s&rsquo;illustrent loin du Santiago Bernab\u00e9u.<\/p>\n<\/div>\n<\/div>\n","protected":false},"excerpt":{"rendered":"<p>Le Real Madrid s&rsquo;appr\u00eate \u00e0 empocher un nouveau gain financier gr\u00e2ce \u00e0 son centre de formation sans \u00eatre directement partie prenante \u00e0 la transaction, apr\u00e8s l&rsquo;accord trouv\u00e9 par Brighton lors du dernier jour du mercato pour recruter le milieu de terrain de Stuttgart, Chema Andr\u00e9s. Un accord verbal a \u00e9t\u00e9 conclu entre les deux formations, [&hellip;]<\/p>\n","protected":false},"author":2,"featured_media":98222,"comment_status":"closed","ping_status":"closed","sticky":false,"template":"","format":"standard","meta":{"sfio_featured_image":false,"sfio_embed_code":"","footnotes":""},"categories":[211,220,212,222],"tags":[],"class_list":["post-98225","post","type-post","status-publish","format-standard","has-post-thumbnail","hentry","category-bundesliga","category-la-liga-fr","category-premier-league","category-real-madrid-fr"],"_links":{"self":[{"href":"https:\/\/www.fanzword.com\/fr\/wp-json\/wp\/v2\/posts\/98225","targetHints":{"allow":["GET"]}}],"collection":[{"href":"https:\/\/www.fanzword.com\/fr\/wp-json\/wp\/v2\/posts"}],"about":[{"href":"https:\/\/www.fanzword.com\/fr\/wp-json\/wp\/v2\/types\/post"}],"author":[{"embeddable":true,"href":"https:\/\/www.fanzword.com\/fr\/wp-json\/wp\/v2\/users\/2"}],"replies":[{"embeddable":true,"href":"https:\/\/www.fanzword.com\/fr\/wp-json\/wp\/v2\/comments?post=98225"}],"version-history":[{"count":2,"href":"https:\/\/www.fanzword.com\/fr\/wp-json\/wp\/v2\/posts\/98225\/revisions"}],"predecessor-version":[{"id":98227,"href":"https:\/\/www.fanzword.com\/fr\/wp-json\/wp\/v2\/posts\/98225\/revisions\/98227"}],"wp:featuredmedia":[{"embeddable":true,"href":"https:\/\/www.fanzword.com\/fr\/wp-json\/wp\/v2\/media\/98222"}],"wp:attachment":[{"href":"https:\/\/www.fanzword.com\/fr\/wp-json\/wp\/v2\/media?parent=98225"}],"wp:term":[{"taxonomy":"category","embeddable":true,"href":"https:\/\/www.fanzword.com\/fr\/wp-json\/wp\/v2\/categories?post=98225"},{"taxonomy":"post_tag","embeddable":true,"href":"https:\/\/www.fanzword.com\/fr\/wp-json\/wp\/v2\/tags?post=98225"}],"curies":[{"name":"wp","href":"https:\/\/api.w.org\/{rel}","templated":true}]}}