{"id":98215,"date":"2026-09-01T17:48:13","date_gmt":"2026-09-01T17:48:13","guid":{"rendered":"https:\/\/www.fanzword.com\/?p=98215"},"modified":"2026-09-01T17:48:13","modified_gmt":"2026-09-01T17:48:13","slug":"barcelone-echec-des-negociations-avec-twente-pour-le-jeune-ruud-nijstad","status":"publish","type":"post","link":"https:\/\/www.fanzword.com\/fr\/barcelone-echec-des-negociations-avec-twente-pour-le-jeune-ruud-nijstad\/","title":{"rendered":"Barcelone : \u00c9chec des n\u00e9gociations avec Twente pour le jeune Ruud Nijstad"},"content":{"rendered":"<div class=\"container\">\n<div id=\"model-response-message-contentr_75eaec9829ab0e95\" class=\"markdown markdown-main-panel md-content enable-luminous-fast-follows enable-updated-hr-color stronger\" dir=\"ltr\" aria-busy=\"false\" aria-live=\"polite\">\n<p data-path-to-node=\"17\">Le FC Barcelone a d\u00e9finitivement clos le dossier du recrutement d&rsquo;un d\u00e9fenseur central, apr\u00e8s l&rsquo;\u00e9chec de son ultime tentative pour s&rsquo;offrir Ruud Nijstad, le jeune talent du FC Twente, lors de la derni\u00e8re journ\u00e9e du mercato estival.<\/p>\n<p data-path-to-node=\"18\">Malgr\u00e9 le souhait d&rsquo;Hansi Flick d&rsquo;ajouter un nouveau d\u00e9fenseur \u00e0 son effectif, les d\u00e9marches de la direction sportive men\u00e9e par Deco se sont heurt\u00e9es au refus cat\u00e9gorique de Twente de c\u00e9der son espoir. Le club catalan a par la suite d\u00e9cid\u00e9 de ne pas chercher d&rsquo;alternative dans les derni\u00e8res heures du march\u00e9.<\/p>\n<p data-path-to-node=\"19\">Selon la presse n\u00e9erlandaise, Twente a repouss\u00e9 une premi\u00e8re offre barcelonaise estim\u00e9e \u00e0 environ 8 millions d&rsquo;euros. Le club espagnol a tent\u00e9 une nouvelle approche pour conclure l&rsquo;op\u00e9ration, mais la position de la formation n\u00e9erlandaise est rest\u00e9e inflexible, convaincue que la valeur de Nijstad pourrait consid\u00e9rablement augmenter s&rsquo;il poursuit sa progression au cours des prochaines saisons.<\/p>\n<p data-path-to-node=\"20\">La volont\u00e9 de Flick de renforcer ce secteur remonte \u00e0 la saison derni\u00e8re face au nombre \u00e9lev\u00e9 de buts encaiss\u00e9s, un besoin devenu plus pressant apr\u00e8s le d\u00e9part de Ronald Ara\u00fajo \u00e0 Liverpool et l&rsquo;apparition de lacunes d\u00e9fensives durant la pr\u00e9paration. L&rsquo;entra\u00eeneur allemand souhaitait l&rsquo;arriv\u00e9e rapide d&rsquo;un d\u00e9fenseur central rapide, gaucher et capable de g\u00e9rer la profondeur derri\u00e8re un bloc haut.<\/p>\n<p data-path-to-node=\"21\">Alessandro Bastoni, le d\u00e9fenseur de l&rsquo;Inter, figurait parmi les premi\u00e8res pistes \u00e9tudi\u00e9es par le Bar\u00e7a, mais le dossier n&rsquo;a pas avanc\u00e9 en raison des r\u00e9serves de Flick et de son souhait d&rsquo;analyser plus en d\u00e9tail le profil du joueur. D&rsquo;autres noms ont \u00e9t\u00e9 \u00e9voqu\u00e9s, notamment Aymeric Laporte, Castello Lukeba (RB Leipzig) et Jorge Salinas (Racing), mais leurs co\u00fbts financiers \u00e9lev\u00e9s ont successivement \u00e9cart\u00e9 ces options.<\/p>\n<p data-path-to-node=\"22\">\u00c2g\u00e9 de 18 ans, Nijstad \u00e9volue en d\u00e9fense centrale \u00e0 Twente. Mesurant 1,95 m, il se distingue par sa puissance dans le domaine a\u00e9rien et la qualit\u00e9 de sa relance du pied gauche. Arriv\u00e9 \u00e0 l&rsquo;acad\u00e9mie du club en 2019, il est sous contrat jusqu&rsquo;en \u00e9t\u00e9 2029 et compte 7 apparitions toutes comp\u00e9titions confondues cette saison, pour un but inscrit.<\/p>\n<p data-path-to-node=\"23\">Apr\u00e8s la fermeture du mercato, Flick s&rsquo;appuiera sur Pau Cubars\u00ed, Andreas Christensen et Eric Garc\u00eda, tout en conservant la possibilit\u00e9 de replacer Gerard Mart\u00edn ou Jules Kound\u00e9 dans l&rsquo;axe. La direction surveillera attentivement le rendement d\u00e9fensif au cours des prochains mois avant d&rsquo;\u00e9valuer l&rsquo;opportunit\u00e9 de retourner sur le march\u00e9 en janvier si les difficult\u00e9s persistent.<\/p>\n<\/div>\n<\/div>\n","protected":false},"excerpt":{"rendered":"<p>Le FC Barcelone a d\u00e9finitivement clos le dossier du recrutement d&rsquo;un d\u00e9fenseur central, apr\u00e8s l&rsquo;\u00e9chec de son ultime tentative pour s&rsquo;offrir Ruud Nijstad, le jeune talent du FC Twente, lors de la derni\u00e8re journ\u00e9e du mercato estival. Malgr\u00e9 le souhait d&rsquo;Hansi Flick d&rsquo;ajouter un nouveau d\u00e9fenseur \u00e0 son effectif, les d\u00e9marches de la direction sportive [&hellip;]<\/p>\n","protected":false},"author":2,"featured_media":98213,"comment_status":"closed","ping_status":"closed","sticky":false,"template":"","format":"standard","meta":{"sfio_featured_image":false,"sfio_embed_code":"","footnotes":""},"categories":[221,220],"tags":[],"class_list":["post-98215","post","type-post","status-publish","format-standard","has-post-thumbnail","hentry","category-barcelona-fr","category-la-liga-fr"],"_links":{"self":[{"href":"https:\/\/www.fanzword.com\/fr\/wp-json\/wp\/v2\/posts\/98215","targetHints":{"allow":["GET"]}}],"collection":[{"href":"https:\/\/www.fanzword.com\/fr\/wp-json\/wp\/v2\/posts"}],"about":[{"href":"https:\/\/www.fanzword.com\/fr\/wp-json\/wp\/v2\/types\/post"}],"author":[{"embeddable":true,"href":"https:\/\/www.fanzword.com\/fr\/wp-json\/wp\/v2\/users\/2"}],"replies":[{"embeddable":true,"href":"https:\/\/www.fanzword.com\/fr\/wp-json\/wp\/v2\/comments?post=98215"}],"version-history":[{"count":1,"href":"https:\/\/www.fanzword.com\/fr\/wp-json\/wp\/v2\/posts\/98215\/revisions"}],"predecessor-version":[{"id":98216,"href":"https:\/\/www.fanzword.com\/fr\/wp-json\/wp\/v2\/posts\/98215\/revisions\/98216"}],"wp:featuredmedia":[{"embeddable":true,"href":"https:\/\/www.fanzword.com\/fr\/wp-json\/wp\/v2\/media\/98213"}],"wp:attachment":[{"href":"https:\/\/www.fanzword.com\/fr\/wp-json\/wp\/v2\/media?parent=98215"}],"wp:term":[{"taxonomy":"category","embeddable":true,"href":"https:\/\/www.fanzword.com\/fr\/wp-json\/wp\/v2\/categories?post=98215"},{"taxonomy":"post_tag","embeddable":true,"href":"https:\/\/www.fanzword.com\/fr\/wp-json\/wp\/v2\/tags?post=98215"}],"curies":[{"name":"wp","href":"https:\/\/api.w.org\/{rel}","templated":true}]}}