{"id":98191,"date":"2026-09-01T15:26:40","date_gmt":"2026-09-01T15:26:40","guid":{"rendered":"https:\/\/www.fanzword.com\/?p=98191"},"modified":"2026-09-01T15:26:40","modified_gmt":"2026-09-01T15:26:40","slug":"allemagne-antonio-rudiger-met-fin-a-sa-carriere-internationale","status":"publish","type":"post","link":"https:\/\/www.fanzword.com\/fr\/allemagne-antonio-rudiger-met-fin-a-sa-carriere-internationale\/","title":{"rendered":"Allemagne : Antonio R\u00fcdiger met fin \u00e0 sa carri\u00e8re internationale"},"content":{"rendered":"<div class=\"container\">\n<div id=\"model-response-message-contentr_adc2ea7d5ba2e421\" class=\"markdown markdown-main-panel md-content enable-luminous-fast-follows enable-updated-hr-color stronger\" dir=\"ltr\" aria-busy=\"false\" aria-live=\"polite\">\n<p data-path-to-node=\"17\">Le d\u00e9fenseur du Real Madrid Antonio R\u00fcdiger a annonc\u00e9 sa retraite internationale imm\u00e9diate avec la s\u00e9lection allemande, mettant un terme \u00e0 une carri\u00e8re de 12 ans sous le maillot de la <i data-path-to-node=\"17\" data-index-in-node=\"184\">Nationalmannschaft<\/i>.<\/p>\n<p data-path-to-node=\"18\">Le joueur de 33 ans a expliqu\u00e9 que cette d\u00e9cision est le fruit d&rsquo;une m\u00fbre r\u00e9flexion, motiv\u00e9e par la volont\u00e9 de laisser la place \u00e0 la nouvelle g\u00e9n\u00e9ration dans le projet men\u00e9 par J\u00fcrgen Klopp, tout en se concentrant pleinement sur son parcours en club avec le Real Madrid.<\/p>\n<p data-path-to-node=\"19\">L&rsquo;aventure internationale de R\u00fcdiger avait d\u00e9but\u00e9 le 13 mai 2014 lors d&rsquo;un match amical contre la Pologne (0-0), sans qu&rsquo;il ne soit retenu dans la liste finale sacr\u00e9e championne du monde au Br\u00e9sil deux mois plus tard.<\/p>\n<p data-path-to-node=\"20\">Le d\u00e9fenseur allemand conclut son parcours international avec un bilan de 86 s\u00e9lections et 3 buts. Son unique titre avec la s\u00e9lection reste la Coupe des Conf\u00e9d\u00e9rations 2017, comp\u00e9tition au cours de laquelle il a disput\u00e9 4 rencontres jusqu&rsquo;\u00e0 la victoire finale contre le Chili.<\/p>\n<p data-path-to-node=\"21\">R\u00fcdiger a particip\u00e9 \u00e0 trois phases finales de Coupe du monde : une apparition en Russie en 2018, trois matchs lors du Mondial 2022 au Qatar, puis quatre rencontres durant l&rsquo;\u00e9dition 2026, pour un total de 8 matchs en Coupe du monde.<\/p>\n<p data-path-to-node=\"22\">Il a \u00e9galement repr\u00e9sent\u00e9 l&rsquo;Allemagne lors de deux \u00e9ditions du Championnat d&rsquo;Europe (2020 et 2024), comptabilisant 9 matchs dans la comp\u00e9tition continentale, apr\u00e8s qu&rsquo;une rupture du ligament crois\u00e9 l&rsquo;a priv\u00e9 de l&rsquo;Euro 2016 malgr\u00e9 sa pr\u00e9sence dans la liste initiale.<\/p>\n<p data-path-to-node=\"23\">Sa derni\u00e8re apparition sous le maillot allemand est intervenue le 29 juin 2026 face au Paraguay, lors de l&rsquo;\u00e9limination de l&rsquo;Allemagne en 16es de finale de la Coupe du monde aux tirages au sort\/tirs au but. Le d\u00e9fenseur d&rsquo;exp\u00e9rience tire sa r\u00e9v\u00e9rence sans couronne mondiale ou europ\u00e9enne, mais avec un titre en Coupe des Conf\u00e9d\u00e9rations et 86 s\u00e9lections au compteur.<\/p>\n<\/div>\n<\/div>\n","protected":false},"excerpt":{"rendered":"<p>Le d\u00e9fenseur du Real Madrid Antonio R\u00fcdiger a annonc\u00e9 sa retraite internationale imm\u00e9diate avec la s\u00e9lection allemande, mettant un terme \u00e0 une carri\u00e8re de 12 ans sous le maillot de la Nationalmannschaft. Le joueur de 33 ans a expliqu\u00e9 que cette d\u00e9cision est le fruit d&rsquo;une m\u00fbre r\u00e9flexion, motiv\u00e9e par la volont\u00e9 de laisser la [&hellip;]<\/p>\n","protected":false},"author":2,"featured_media":98188,"comment_status":"closed","ping_status":"closed","sticky":false,"template":"","format":"standard","meta":{"sfio_featured_image":false,"sfio_embed_code":"","footnotes":""},"categories":[211,220,222],"tags":[],"class_list":["post-98191","post","type-post","status-publish","format-standard","has-post-thumbnail","hentry","category-bundesliga","category-la-liga-fr","category-real-madrid-fr"],"_links":{"self":[{"href":"https:\/\/www.fanzword.com\/fr\/wp-json\/wp\/v2\/posts\/98191","targetHints":{"allow":["GET"]}}],"collection":[{"href":"https:\/\/www.fanzword.com\/fr\/wp-json\/wp\/v2\/posts"}],"about":[{"href":"https:\/\/www.fanzword.com\/fr\/wp-json\/wp\/v2\/types\/post"}],"author":[{"embeddable":true,"href":"https:\/\/www.fanzword.com\/fr\/wp-json\/wp\/v2\/users\/2"}],"replies":[{"embeddable":true,"href":"https:\/\/www.fanzword.com\/fr\/wp-json\/wp\/v2\/comments?post=98191"}],"version-history":[{"count":1,"href":"https:\/\/www.fanzword.com\/fr\/wp-json\/wp\/v2\/posts\/98191\/revisions"}],"predecessor-version":[{"id":98192,"href":"https:\/\/www.fanzword.com\/fr\/wp-json\/wp\/v2\/posts\/98191\/revisions\/98192"}],"wp:featuredmedia":[{"embeddable":true,"href":"https:\/\/www.fanzword.com\/fr\/wp-json\/wp\/v2\/media\/98188"}],"wp:attachment":[{"href":"https:\/\/www.fanzword.com\/fr\/wp-json\/wp\/v2\/media?parent=98191"}],"wp:term":[{"taxonomy":"category","embeddable":true,"href":"https:\/\/www.fanzword.com\/fr\/wp-json\/wp\/v2\/categories?post=98191"},{"taxonomy":"post_tag","embeddable":true,"href":"https:\/\/www.fanzword.com\/fr\/wp-json\/wp\/v2\/tags?post=98191"}],"curies":[{"name":"wp","href":"https:\/\/api.w.org\/{rel}","templated":true}]}}