{"id":98180,"date":"2026-09-01T15:22:07","date_gmt":"2026-09-01T15:22:07","guid":{"rendered":"https:\/\/www.fanzword.com\/?p=98180"},"modified":"2026-09-01T15:22:07","modified_gmt":"2026-09-01T15:22:07","slug":"super-lig-fatih-tekke-quitte-trabzonspor-dun-commun-accord","status":"publish","type":"post","link":"https:\/\/www.fanzword.com\/fr\/super-lig-fatih-tekke-quitte-trabzonspor-dun-commun-accord\/","title":{"rendered":"S\u00fcper Lig : Fatih Tekke quitte Trabzonspor d&rsquo;un commun accord"},"content":{"rendered":"<div class=\"container\">\n<div id=\"model-response-message-contentr_18231083b40da1a5\" class=\"markdown markdown-main-panel md-content enable-luminous-fast-follows enable-updated-hr-color stronger\" dir=\"ltr\" aria-busy=\"false\" aria-live=\"polite\">\n<p data-path-to-node=\"146\">Trabzonspor a mis fin \u00e0 sa collaboration avec l&rsquo;entra\u00eeneur Fatih Tekke \u00e0 la suite d&rsquo;une d\u00e9faite 2-1 contre Amedspor lors de la troisi\u00e8me journ\u00e9e du championnat de Turquie, au terme d&rsquo;une r\u00e9union conclue par une r\u00e9siliation de contrat d&rsquo;un commun accord.<\/p>\n<p data-path-to-node=\"147\">Ce d\u00e9part intervient quelques jours seulement apr\u00e8s la d\u00e9mission pr\u00e9sent\u00e9e par Tekke \u00e0 la suite d&rsquo;une lourde d\u00e9faite 4-0 face aux Hongrois de Ferencv\u00e1ros et d&rsquo;une \u00e9limination en Ligue Europa. La direction avait alors refus\u00e9 son d\u00e9part, le convainquant de rester pour diriger l&rsquo;\u00e9quipe face \u00e0 Amedspor.<\/p>\n<p data-path-to-node=\"148\">L&rsquo;entra\u00eeneur avait repris ses fonctions en affirmant vouloir assumer ses responsabilit\u00e9s, mais ce nouveau revers a incit\u00e9 les deux parties \u00e0 r\u00e9\u00e9valuer l&rsquo;avenir de l&rsquo;\u00e9quipe avant d&rsquo;officialiser leur s\u00e9paration.<\/p>\n<p data-path-to-node=\"149\">Nomm\u00e9 en mars 2025 pour succ\u00e9der \u00e0 \u015eenol G\u00fcne\u015f alors que le club occupait la 11e place, Tekke a men\u00e9 Trabzonspor \u00e0 la 7e position au terme de la saison 2024-2025, tout en atteignant la finale de la Coupe de Turquie perdue contre Galatasaray.<\/p>\n<p data-path-to-node=\"150\">La campagne suivante est rest\u00e9e la plus aboutie de son mandat : Trabzonspor s&rsquo;est hiss\u00e9 \u00e0 la 3e place de S\u00fcper Lig avec 69 points et a remport\u00e9 la Coupe de Turquie 2025-2026, l&rsquo;unique troph\u00e9e d\u00e9croch\u00e9 par le technicien sur le banc du club.<\/p>\n<p data-path-to-node=\"151\">Au total, Fatih Tekke a dirig\u00e9 62 rencontres officielles pour un bilan de 35 victoires, 14 matchs nuls et 13 d\u00e9faites, soit un taux de succ\u00e8s sup\u00e9rieur \u00e0 56 %. Sa dynamique s&rsquo;est toutefois essouffl\u00e9e en ce d\u00e9but de saison avec une seule victoire lors des cinq premiers matchs officiels.<\/p>\n<p data-path-to-node=\"152\">Plusieurs pistes pour lui succ\u00e9der commencent \u00e0 circuler, parmi lesquelles figure Antonio Conte, aux c\u00f4t\u00e9s de noms comme Abdullah Avc\u0131, Steven Gerrard, S\u00e9rgio Concei\u00e7\u00e3o et Thiago Motta, bien qu&rsquo;aucune n\u00e9gociation officielle n&rsquo;ait encore \u00e9t\u00e9 confirm\u00e9e.<\/p>\n<\/div>\n<\/div>\n","protected":false},"excerpt":{"rendered":"<p>Trabzonspor a mis fin \u00e0 sa collaboration avec l&rsquo;entra\u00eeneur Fatih Tekke \u00e0 la suite d&rsquo;une d\u00e9faite 2-1 contre Amedspor lors de la troisi\u00e8me journ\u00e9e du championnat de Turquie, au terme d&rsquo;une r\u00e9union conclue par une r\u00e9siliation de contrat d&rsquo;un commun accord. Ce d\u00e9part intervient quelques jours seulement apr\u00e8s la d\u00e9mission pr\u00e9sent\u00e9e par Tekke \u00e0 la [&hellip;]<\/p>\n","protected":false},"author":2,"featured_media":98177,"comment_status":"closed","ping_status":"closed","sticky":false,"template":"","format":"standard","meta":{"sfio_featured_image":false,"sfio_embed_code":"","footnotes":""},"categories":[214],"tags":[],"class_list":["post-98180","post","type-post","status-publish","format-standard","has-post-thumbnail","hentry","category-mohamed-salah-fr"],"_links":{"self":[{"href":"https:\/\/www.fanzword.com\/fr\/wp-json\/wp\/v2\/posts\/98180","targetHints":{"allow":["GET"]}}],"collection":[{"href":"https:\/\/www.fanzword.com\/fr\/wp-json\/wp\/v2\/posts"}],"about":[{"href":"https:\/\/www.fanzword.com\/fr\/wp-json\/wp\/v2\/types\/post"}],"author":[{"embeddable":true,"href":"https:\/\/www.fanzword.com\/fr\/wp-json\/wp\/v2\/users\/2"}],"replies":[{"embeddable":true,"href":"https:\/\/www.fanzword.com\/fr\/wp-json\/wp\/v2\/comments?post=98180"}],"version-history":[{"count":1,"href":"https:\/\/www.fanzword.com\/fr\/wp-json\/wp\/v2\/posts\/98180\/revisions"}],"predecessor-version":[{"id":98181,"href":"https:\/\/www.fanzword.com\/fr\/wp-json\/wp\/v2\/posts\/98180\/revisions\/98181"}],"wp:featuredmedia":[{"embeddable":true,"href":"https:\/\/www.fanzword.com\/fr\/wp-json\/wp\/v2\/media\/98177"}],"wp:attachment":[{"href":"https:\/\/www.fanzword.com\/fr\/wp-json\/wp\/v2\/media?parent=98180"}],"wp:term":[{"taxonomy":"category","embeddable":true,"href":"https:\/\/www.fanzword.com\/fr\/wp-json\/wp\/v2\/categories?post=98180"},{"taxonomy":"post_tag","embeddable":true,"href":"https:\/\/www.fanzword.com\/fr\/wp-json\/wp\/v2\/tags?post=98180"}],"curies":[{"name":"wp","href":"https:\/\/api.w.org\/{rel}","templated":true}]}}