{"id":98159,"date":"2026-09-01T11:29:40","date_gmt":"2026-09-01T11:29:40","guid":{"rendered":"https:\/\/www.fanzword.com\/?p=98159"},"modified":"2026-09-01T11:29:40","modified_gmt":"2026-09-01T11:29:40","slug":"mercato-manuel-angel-quitte-le-real-madrid-pour-rejoindre-fulham","status":"publish","type":"post","link":"https:\/\/www.fanzword.com\/fr\/mercato-manuel-angel-quitte-le-real-madrid-pour-rejoindre-fulham\/","title":{"rendered":"Mercato : Manuel \u00c1ngel quitte le Real Madrid pour rejoindre Fulham"},"content":{"rendered":"<div class=\"container\">\n<div id=\"model-response-message-contentr_8416983f73a084cf\" class=\"markdown markdown-main-panel md-content enable-luminous-fast-follows enable-updated-hr-color stronger\" dir=\"ltr\" aria-busy=\"false\" aria-live=\"polite\">\n<p data-path-to-node=\"17\">Fulham a trouv\u00e9 un accord avec le Real Madrid pour le transfert du milieu de terrain espagnol Manuel \u00c1ngel. Le joueur de 22 ans devient le dernier produit du centre de formation madril\u00e8ne \u00e0 rejoindre l\u2019effectif entra\u00een\u00e9 par \u00c1lvaro Arbeloa.<\/p>\n<p data-path-to-node=\"18\">Fabrizio Romano a confirm\u00e9 la finalisation de l&rsquo;accord entre les deux clubs. Le Real Madrid conserve un pourcentage sur une future revente ainsi qu&rsquo;un droit de pr\u00e9emption sur les offres ult\u00e9rieures transmises au joueur, bien que le montant d\u00e9finitif de la transaction n&rsquo;ait pas encore \u00e9t\u00e9 d\u00e9voil\u00e9.<\/p>\n<p data-path-to-node=\"19\">Milieu central de formation, Manuel \u00c1ngel se distingue par son aisance des deux pieds, sa qualit\u00e9 technique et sa mobilit\u00e9 dans la relance malgr\u00e9 sa taille (1,70 m). Au sein du centre de Valdebebas, il est surnomm\u00e9 \u00ab Mami \u00bb, un sobriquet tir\u00e9 des initiales de son nom complet.<\/p>\n<p data-path-to-node=\"20\">Arriv\u00e9 \u00e0 la r\u00e9serve du Real Madrid en provenance du S\u00e9ville FC en 2018, il a \u00e9t\u00e9 le capitaine de l&rsquo;\u00e9quipe d&rsquo;Arbeloa auteur d&rsquo;un tripl\u00e9 historique en 2023 (Youth League, Coupe du Roi des jeunes et Coupe des Champions). L&rsquo;entra\u00eeneur espagnol l&rsquo;avait par le pass\u00e9 qualifi\u00e9 de projet de \u00ab joueur de niveau \u00e9lite \u00bb.<\/p>\n<p data-path-to-node=\"21\">Pilier du milieu de terrain de la Castilla la saison derni\u00e8re, Manuel \u00c1ngel a disput\u00e9 29 rencontres et inscrit un but. Si Arbeloa lui a offert une premi\u00e8re apparition en \u00e9quipe premi\u00e8re, la forte concurrence pour s&rsquo;imposer durablement a ouvert la voie \u00e0 son d\u00e9part vers la Premier League.<\/p>\n<p data-path-to-node=\"22\">Il s&rsquo;agit du troisi\u00e8me joueur recrut\u00e9 par Arbeloa en provenance du Real Madrid cet \u00e9t\u00e9, apr\u00e8s l&rsquo;attaquant Gonzalo Garc\u00eda pour 40 millions d&rsquo;euros hors bonus et C\u00e9sar Palacios pour environ 10 millions d&rsquo;euros, le club espagnol conservant des droits futurs sur ces deux op\u00e9rations.<\/p>\n<p data-path-to-node=\"23\">Les recettes du Real Madrid issues de la vente des joueurs de son acad\u00e9mie ou de ses pourcentages \u00e0 la revente ont d\u00e9pass\u00e9 les 190 millions d&rsquo;euros cet \u00e9t\u00e9 et approchent la barre des 200 millions d&rsquo;euros, tir\u00e9es notamment par les dossiers Nico Paz, Gonzalo Garc\u00eda, V\u00edctor Mu\u00f1oz et Mario Gila. \u00ab La F\u00e1brica \u00bb s&rsquo;affirme ainsi comme une source majeure de financement pour l&rsquo;\u00e9quipe premi\u00e8re tout en pr\u00e9servant des options pour rapatrier ses talents.<\/p>\n<\/div>\n<\/div>\n","protected":false},"excerpt":{"rendered":"<p>Fulham a trouv\u00e9 un accord avec le Real Madrid pour le transfert du milieu de terrain espagnol Manuel \u00c1ngel. Le joueur de 22 ans devient le dernier produit du centre de formation madril\u00e8ne \u00e0 rejoindre l\u2019effectif entra\u00een\u00e9 par \u00c1lvaro Arbeloa. Fabrizio Romano a confirm\u00e9 la finalisation de l&rsquo;accord entre les deux clubs. Le Real Madrid [&hellip;]<\/p>\n","protected":false},"author":2,"featured_media":98156,"comment_status":"closed","ping_status":"closed","sticky":false,"template":"","format":"standard","meta":{"sfio_featured_image":false,"sfio_embed_code":"","footnotes":""},"categories":[220,222],"tags":[],"class_list":["post-98159","post","type-post","status-publish","format-standard","has-post-thumbnail","hentry","category-la-liga-fr","category-real-madrid-fr"],"_links":{"self":[{"href":"https:\/\/www.fanzword.com\/fr\/wp-json\/wp\/v2\/posts\/98159","targetHints":{"allow":["GET"]}}],"collection":[{"href":"https:\/\/www.fanzword.com\/fr\/wp-json\/wp\/v2\/posts"}],"about":[{"href":"https:\/\/www.fanzword.com\/fr\/wp-json\/wp\/v2\/types\/post"}],"author":[{"embeddable":true,"href":"https:\/\/www.fanzword.com\/fr\/wp-json\/wp\/v2\/users\/2"}],"replies":[{"embeddable":true,"href":"https:\/\/www.fanzword.com\/fr\/wp-json\/wp\/v2\/comments?post=98159"}],"version-history":[{"count":2,"href":"https:\/\/www.fanzword.com\/fr\/wp-json\/wp\/v2\/posts\/98159\/revisions"}],"predecessor-version":[{"id":98161,"href":"https:\/\/www.fanzword.com\/fr\/wp-json\/wp\/v2\/posts\/98159\/revisions\/98161"}],"wp:featuredmedia":[{"embeddable":true,"href":"https:\/\/www.fanzword.com\/fr\/wp-json\/wp\/v2\/media\/98156"}],"wp:attachment":[{"href":"https:\/\/www.fanzword.com\/fr\/wp-json\/wp\/v2\/media?parent=98159"}],"wp:term":[{"taxonomy":"category","embeddable":true,"href":"https:\/\/www.fanzword.com\/fr\/wp-json\/wp\/v2\/categories?post=98159"},{"taxonomy":"post_tag","embeddable":true,"href":"https:\/\/www.fanzword.com\/fr\/wp-json\/wp\/v2\/tags?post=98159"}],"curies":[{"name":"wp","href":"https:\/\/api.w.org\/{rel}","templated":true}]}}