{"id":98146,"date":"2026-09-01T11:25:07","date_gmt":"2026-09-01T11:25:07","guid":{"rendered":"https:\/\/www.fanzword.com\/?p=98146"},"modified":"2026-09-01T11:25:07","modified_gmt":"2026-09-01T11:25:07","slug":"mercato-le-barca-ajuste-le-contrat-de-gabriel-jesus-a-3-ans-fermes","status":"publish","type":"post","link":"https:\/\/www.fanzword.com\/fr\/mercato-le-barca-ajuste-le-contrat-de-gabriel-jesus-a-3-ans-fermes\/","title":{"rendered":"Mercato : Le Bar\u00e7a ajuste le contrat de Gabriel Jesus \u00e0 3 ans fermes"},"content":{"rendered":"<div class=\"container\">\n<div id=\"model-response-message-contentr_824fb8d4d479914d\" class=\"markdown markdown-main-panel md-content enable-luminous-fast-follows enable-updated-hr-color stronger\" dir=\"ltr\" aria-busy=\"false\" aria-live=\"polite\">\n<p data-path-to-node=\"17\">Le FC Barcelone a modifi\u00e9 son accord avec le Br\u00e9silien Gabriel Jesus avant l&rsquo;officialisation du transfert, l&rsquo;attaquant d&rsquo;Arsenal s&rsquo;engageant d\u00e9sormais pour trois saisons fermes, au lieu du bail initial de deux ans assorti d&rsquo;une ann\u00e9e suppl\u00e9mentaire en option.<\/p>\n<p data-path-to-node=\"18\">Le Bar\u00e7a s&rsquo;est entendu avec Arsenal sur le versement d&rsquo;un montant fixe de 10 millions d&rsquo;euros, assorti de 4 millions d&rsquo;euros de bonus \u00e9ventuels, tandis que le club anglais conserve 20 % sur une future revente de l&rsquo;attaquant de 29 ans.<\/p>\n<p data-path-to-node=\"19\">Selon le quotidien <i data-path-to-node=\"19\" data-index-in-node=\"19\">Mundo Deportivo<\/i>, la troisi\u00e8me ann\u00e9e a \u00e9t\u00e9 d\u00e9finitivement int\u00e9gr\u00e9e au contrat apr\u00e8s la visite m\u00e9dicale r\u00e9ussie du joueur et la validation des rapports m\u00e9dicaux par le club catalan, Jesus ayant lui-m\u00eame affirm\u00e9 que son genou \u00e9tait \u00ab parfait \u00bb.<\/p>\n<p data-path-to-node=\"20\">Ce recrutement intervient apr\u00e8s l&rsquo;\u00e9chec de la piste Juli\u00e1n \u00c1lvarez lors du mercato estival, l&rsquo;Atl\u00e9tico de Madrid ayant refus\u00e9 de c\u00e9der son attaquant au Bar\u00e7a malgr\u00e9 des n\u00e9gociations et une offre estim\u00e9e \u00e0 pr\u00e8s de 100 millions d&rsquo;euros.<\/p>\n<p data-path-to-node=\"21\">Form\u00e9 \u00e0 Palmeiras, Jesus avait rejoint Manchester City au d\u00e9but de l&rsquo;ann\u00e9e 2017, inscrivant 95 buts en 236 matchs et remportant plusieurs titres nationaux sous les ordres de Pep Guardiola.<\/p>\n<p data-path-to-node=\"22\">L&rsquo;international br\u00e9silien avait ensuite sign\u00e9 \u00e0 Arsenal \u00e0 l&rsquo;\u00e9t\u00e9 2022 pour environ 45 millions de livres sterling, cumulant 32 buts en 132 rencontres. La saison derni\u00e8re, il a inscrit 6 buts et d\u00e9livr\u00e9 2 passes d\u00e9cisives en 27 apparitions pour 988 minutes de jeu.<\/p>\n<p data-path-to-node=\"23\">Victime d&rsquo;une rupture du ligament crois\u00e9 du genou gauche en 2025, Jesus a \u00e9t\u00e9 \u00e9loign\u00e9 des terrains durant environ 319 jours. Sa gu\u00e9rison et ses examens m\u00e9dicaux satisfaisants ont convaincu le FC Barcelone de consolider cette troisi\u00e8me ann\u00e9e de contrat, lui permettant d&rsquo;int\u00e9grer les entra\u00eenements d&rsquo;Hansi Flick d\u00e8s la signature du contrat et son enregistrement aupr\u00e8s de la Liga.<\/p>\n<\/div>\n<\/div>\n","protected":false},"excerpt":{"rendered":"<p>Le FC Barcelone a modifi\u00e9 son accord avec le Br\u00e9silien Gabriel Jesus avant l&rsquo;officialisation du transfert, l&rsquo;attaquant d&rsquo;Arsenal s&rsquo;engageant d\u00e9sormais pour trois saisons fermes, au lieu du bail initial de deux ans assorti d&rsquo;une ann\u00e9e suppl\u00e9mentaire en option. Le Bar\u00e7a s&rsquo;est entendu avec Arsenal sur le versement d&rsquo;un montant fixe de 10 millions d&rsquo;euros, assorti [&hellip;]<\/p>\n","protected":false},"author":2,"featured_media":98144,"comment_status":"closed","ping_status":"closed","sticky":false,"template":"","format":"standard","meta":{"sfio_featured_image":false,"sfio_embed_code":"","footnotes":""},"categories":[221,220],"tags":[],"class_list":["post-98146","post","type-post","status-publish","format-standard","has-post-thumbnail","hentry","category-barcelona-fr","category-la-liga-fr"],"_links":{"self":[{"href":"https:\/\/www.fanzword.com\/fr\/wp-json\/wp\/v2\/posts\/98146","targetHints":{"allow":["GET"]}}],"collection":[{"href":"https:\/\/www.fanzword.com\/fr\/wp-json\/wp\/v2\/posts"}],"about":[{"href":"https:\/\/www.fanzword.com\/fr\/wp-json\/wp\/v2\/types\/post"}],"author":[{"embeddable":true,"href":"https:\/\/www.fanzword.com\/fr\/wp-json\/wp\/v2\/users\/2"}],"replies":[{"embeddable":true,"href":"https:\/\/www.fanzword.com\/fr\/wp-json\/wp\/v2\/comments?post=98146"}],"version-history":[{"count":2,"href":"https:\/\/www.fanzword.com\/fr\/wp-json\/wp\/v2\/posts\/98146\/revisions"}],"predecessor-version":[{"id":98148,"href":"https:\/\/www.fanzword.com\/fr\/wp-json\/wp\/v2\/posts\/98146\/revisions\/98148"}],"wp:featuredmedia":[{"embeddable":true,"href":"https:\/\/www.fanzword.com\/fr\/wp-json\/wp\/v2\/media\/98144"}],"wp:attachment":[{"href":"https:\/\/www.fanzword.com\/fr\/wp-json\/wp\/v2\/media?parent=98146"}],"wp:term":[{"taxonomy":"category","embeddable":true,"href":"https:\/\/www.fanzword.com\/fr\/wp-json\/wp\/v2\/categories?post=98146"},{"taxonomy":"post_tag","embeddable":true,"href":"https:\/\/www.fanzword.com\/fr\/wp-json\/wp\/v2\/tags?post=98146"}],"curies":[{"name":"wp","href":"https:\/\/api.w.org\/{rel}","templated":true}]}}