{"id":98136,"date":"2026-09-01T11:12:35","date_gmt":"2026-09-01T11:12:35","guid":{"rendered":"https:\/\/www.fanzword.com\/?p=98136"},"modified":"2026-09-01T11:12:35","modified_gmt":"2026-09-01T11:12:35","slug":"dani-ceballos-daccord-avec-le-real-betis-le-frein-du-plafond-salarial","status":"publish","type":"post","link":"https:\/\/www.fanzword.com\/fr\/dani-ceballos-daccord-avec-le-real-betis-le-frein-du-plafond-salarial\/","title":{"rendered":"Dani Ceballos d&rsquo;accord avec le Real Betis : Le frein du plafond salarial"},"content":{"rendered":"<div class=\"container\">\n<div id=\"model-response-message-contentr_5e59c2aec49f4c79\" class=\"markdown markdown-main-panel md-content enable-luminous-fast-follows enable-updated-hr-color stronger\" dir=\"ltr\" aria-busy=\"false\" aria-live=\"polite\">\n<p data-path-to-node=\"17\"><span class=\"citation-36 citation-end-36\">Le Real Betis s&rsquo;active dans les derni\u00e8res heures du mercato pour boucler le retour de Dani Ceballos, apr\u00e8s avoir trouv\u00e9 un accord avec l&rsquo;ancien joueur du Real Madrid.<\/span> <span class=\"citation-35 citation-end-35\">Le transfert reste toutefois suspendu \u00e0 la capacit\u00e9 du club andalou \u00e0 lib\u00e9rer de la masse salariale sous le plafond impos\u00e9.<\/span><\/p>\n<p data-path-to-node=\"18\">Selon le journal <i data-path-to-node=\"18\" data-index-in-node=\"17\">AS<\/i>, les deux parties sont tomb\u00e9es d&rsquo;accord sur un contrat de trois saisons, avec une option pour une quatri\u00e8me ann\u00e9e. Ceballos figurerait ainsi parmi les joueurs les mieux pay\u00e9s de l&rsquo;effectif, sans pour autant percevoir le plus gros salaire.<\/p>\n<p data-path-to-node=\"19\">Le Betis pr\u00e9voit un salaire liss\u00e9 \u00e0 la baisse pour la premi\u00e8re saison avant une revalorisation lors des deux ann\u00e9es suivantes. En parall\u00e8le, le club travaille sur le d\u00e9part d&rsquo;Iker Losada et les ventes de Pablo Garc\u00eda et d&rsquo;\u00c1lvaro Fidalgo, tout en \u00e9tudiant la possibilit\u00e9 d&rsquo;apporter des garanties financi\u00e8res pour augmenter sa marge d&rsquo;enregistrement.<\/p>\n<p data-path-to-node=\"20\">Cette contrainte est fr\u00e9quente en Liga, o\u00f9 le plafond financier englobe les salaires, les primes, les commissions et l&rsquo;amortissement des transferts ; le FC Barcelone avait \u00e9t\u00e9 confront\u00e9 au m\u00eame probl\u00e8me lors de l&rsquo;enregistrement de Dani Olmo et Pau V\u00edctor avant d&rsquo;activer des leviers exceptionnels.<\/p>\n<p data-path-to-node=\"21\">Ceballos s&rsquo;\u00e9tait s\u00e9par\u00e9 \u00e0 l&rsquo;amiable du Real Madrid en juin dernier alors qu&rsquo;il lui restait un an de contrat, renon\u00e7ant \u00e0 son bail au Santiago Bernab\u00e9u pour faciliter son retour dans le club o\u00f9 il souhaite finir sa carri\u00e8re.<\/p>\n<p data-path-to-node=\"22\">\u00c2g\u00e9 de 30 ans, le milieu espagnol a disput\u00e9 215 matchs sous les couleurs du Real Madrid depuis son arriv\u00e9e en 2017, remportant 16 titres dont 3 Ligues des champions, en plus de deux saisons pass\u00e9es en pr\u00eat \u00e0 Arsenal entre 2019 et 2021.<\/p>\n<p data-path-to-node=\"23\">Form\u00e9 au Betis avant de d\u00e9buter en \u00e9quipe premi\u00e8re \u00e0 17 ans, Ceballos compte 105 apparitions sous le maillot verdiblanco (7 buts), ayant notamment contribu\u00e9 \u00e0 la remont\u00e9e en Liga en 2015. Bien qu&rsquo;il puisse signer apr\u00e8s la fermeture du march\u00e9 en qualit\u00e9 de joueur libre, la date limite d&rsquo;envoi de la liste des joueurs pour les coupes d&rsquo;Europe accentue la pression en cette fin de mercato.<\/p>\n<\/div>\n<\/div>\n","protected":false},"excerpt":{"rendered":"<p>Le Real Betis s&rsquo;active dans les derni\u00e8res heures du mercato pour boucler le retour de Dani Ceballos, apr\u00e8s avoir trouv\u00e9 un accord avec l&rsquo;ancien joueur du Real Madrid. Le transfert reste toutefois suspendu \u00e0 la capacit\u00e9 du club andalou \u00e0 lib\u00e9rer de la masse salariale sous le plafond impos\u00e9. Selon le journal AS, les deux [&hellip;]<\/p>\n","protected":false},"author":2,"featured_media":98134,"comment_status":"closed","ping_status":"closed","sticky":false,"template":"","format":"standard","meta":{"sfio_featured_image":false,"sfio_embed_code":"","footnotes":""},"categories":[222],"tags":[],"class_list":["post-98136","post","type-post","status-publish","format-standard","has-post-thumbnail","hentry","category-real-madrid-fr"],"_links":{"self":[{"href":"https:\/\/www.fanzword.com\/fr\/wp-json\/wp\/v2\/posts\/98136","targetHints":{"allow":["GET"]}}],"collection":[{"href":"https:\/\/www.fanzword.com\/fr\/wp-json\/wp\/v2\/posts"}],"about":[{"href":"https:\/\/www.fanzword.com\/fr\/wp-json\/wp\/v2\/types\/post"}],"author":[{"embeddable":true,"href":"https:\/\/www.fanzword.com\/fr\/wp-json\/wp\/v2\/users\/2"}],"replies":[{"embeddable":true,"href":"https:\/\/www.fanzword.com\/fr\/wp-json\/wp\/v2\/comments?post=98136"}],"version-history":[{"count":2,"href":"https:\/\/www.fanzword.com\/fr\/wp-json\/wp\/v2\/posts\/98136\/revisions"}],"predecessor-version":[{"id":98138,"href":"https:\/\/www.fanzword.com\/fr\/wp-json\/wp\/v2\/posts\/98136\/revisions\/98138"}],"wp:featuredmedia":[{"embeddable":true,"href":"https:\/\/www.fanzword.com\/fr\/wp-json\/wp\/v2\/media\/98134"}],"wp:attachment":[{"href":"https:\/\/www.fanzword.com\/fr\/wp-json\/wp\/v2\/media?parent=98136"}],"wp:term":[{"taxonomy":"category","embeddable":true,"href":"https:\/\/www.fanzword.com\/fr\/wp-json\/wp\/v2\/categories?post=98136"},{"taxonomy":"post_tag","embeddable":true,"href":"https:\/\/www.fanzword.com\/fr\/wp-json\/wp\/v2\/tags?post=98136"}],"curies":[{"name":"wp","href":"https:\/\/api.w.org\/{rel}","templated":true}]}}