{"id":98064,"date":"2026-08-31T17:55:35","date_gmt":"2026-08-31T17:55:35","guid":{"rendered":"https:\/\/www.fanzword.com\/?p=98064"},"modified":"2026-08-31T17:55:35","modified_gmt":"2026-08-31T17:55:35","slug":"joselu-vers-un-retour-a-leintracht-francfort-12-ans-plus-tard","status":"publish","type":"post","link":"https:\/\/www.fanzword.com\/fr\/joselu-vers-un-retour-a-leintracht-francfort-12-ans-plus-tard\/","title":{"rendered":"Joselu vers un retour \u00e0 l&rsquo;Eintracht Francfort 12 ans plus tard ?"},"content":{"rendered":"<div class=\"container\">\n<div id=\"model-response-message-contentr_9c154895b3b97a02\" class=\"markdown markdown-main-panel md-content enable-luminous-fast-follows enable-updated-hr-color stronger\" dir=\"ltr\" aria-busy=\"false\" aria-live=\"polite\">\n<p data-path-to-node=\"16\">L&rsquo;Eintracht Francfort s&rsquo;est lanc\u00e9 dans des n\u00e9gociations pour recruter l&rsquo;attaquant espagnol Joselu lors des derni\u00e8res heures du mercato, dans une tentative surprise de renforcer son secteur offensif avant la fermeture du march\u00e9.<\/p>\n<p data-path-to-node=\"17\">\u00c2g\u00e9 de 36 ans, le joueur est libre de tout contrat apr\u00e8s la fin de son engagement avec le club qatari d&rsquo;Al-Gharafa. Bien qu&rsquo;aucun accord d\u00e9finitif n&rsquo;ait \u00e9t\u00e9 trouv\u00e9 pour l&rsquo;instant, Francfort appara\u00eet comme la piste la plus concr\u00e8te.<\/p>\n<p data-path-to-node=\"18\">Le club allemand doit faire face \u00e0 la concurrence de l&rsquo;Union Berlin, tandis que la Lazio s&rsquo;est renseign\u00e9e sur la situation du joueur, qui dispose \u00e9galement de plusieurs propositions pour retourner en Liga.<\/p>\n<p data-path-to-node=\"19\">Ce transfert marquerait le retour de Joselu \u00e0 l&rsquo;Eintracht Francfort apr\u00e8s son passage en pr\u00eat en provenance de Hoffenheim lors de la saison 2013-2014, au cours de laquelle il avait inscrit 9 buts en 24 matchs de Bundesliga. Ayant \u00e9galement port\u00e9 les couleurs de Hanovre, l&rsquo;Espagnol s&rsquo;appuie sur une solide exp\u00e9rience du championnat allemand.<\/p>\n<p data-path-to-node=\"20\">Joselu a r\u00e9alis\u00e9 la saison la plus marquante de sa carri\u00e8re sous le maillot du Real Madrid en 2023-2024, compilant 18 buts en 49 rencontres tout en remportant la Liga, la Ligue des champions et la Supercoupe d&rsquo;Espagne, marquant les esprits gr\u00e2ce \u00e0 son doubl\u00e9 d\u00e9cisif en fin de match face au Bayern Munich en demi-finale retour de C1.<\/p>\n<p data-path-to-node=\"21\">N\u00e9 \u00e0 Stuttgart, l&rsquo;attaquant a d\u00e9but\u00e9 son parcours au Celta Vigo avant d&rsquo;\u00e9voluer \u00e0 la Castilla, au Real Madrid, au Deportivo La Corogne, \u00e0 Alav\u00e9s et \u00e0 Espanyol en Espagne. Il a \u00e9galement jou\u00e9 en Angleterre \u00e0 Stoke City et Newcastle, ainsi qu&rsquo;\u00e0 Hoffenheim, Francfort et Hanovre en Allemagne.<\/p>\n<p data-path-to-node=\"22\">Al-Gharafa \u00e9tait le dernier club de Joselu depuis son d\u00e9part du Real Madrid en 2024. Libre depuis l&rsquo;expiration de son contrat en juin dernier, le vainqueur de l&rsquo;Euro avec l&rsquo;Espagne cherche un nouveau point de chute qui pourrait le ramener \u00e0 Francfort 12 ans apr\u00e8s son premier passage.<\/p>\n<\/div>\n<\/div>\n","protected":false},"excerpt":{"rendered":"<p>L&rsquo;Eintracht Francfort s&rsquo;est lanc\u00e9 dans des n\u00e9gociations pour recruter l&rsquo;attaquant espagnol Joselu lors des derni\u00e8res heures du mercato, dans une tentative surprise de renforcer son secteur offensif avant la fermeture du march\u00e9. \u00c2g\u00e9 de 36 ans, le joueur est libre de tout contrat apr\u00e8s la fin de son engagement avec le club qatari d&rsquo;Al-Gharafa. Bien [&hellip;]<\/p>\n","protected":false},"author":2,"featured_media":98062,"comment_status":"closed","ping_status":"closed","sticky":false,"template":"","format":"standard","meta":{"sfio_featured_image":false,"sfio_embed_code":"","footnotes":""},"categories":[211,222],"tags":[],"class_list":["post-98064","post","type-post","status-publish","format-standard","has-post-thumbnail","hentry","category-bundesliga","category-real-madrid-fr"],"_links":{"self":[{"href":"https:\/\/www.fanzword.com\/fr\/wp-json\/wp\/v2\/posts\/98064","targetHints":{"allow":["GET"]}}],"collection":[{"href":"https:\/\/www.fanzword.com\/fr\/wp-json\/wp\/v2\/posts"}],"about":[{"href":"https:\/\/www.fanzword.com\/fr\/wp-json\/wp\/v2\/types\/post"}],"author":[{"embeddable":true,"href":"https:\/\/www.fanzword.com\/fr\/wp-json\/wp\/v2\/users\/2"}],"replies":[{"embeddable":true,"href":"https:\/\/www.fanzword.com\/fr\/wp-json\/wp\/v2\/comments?post=98064"}],"version-history":[{"count":2,"href":"https:\/\/www.fanzword.com\/fr\/wp-json\/wp\/v2\/posts\/98064\/revisions"}],"predecessor-version":[{"id":98068,"href":"https:\/\/www.fanzword.com\/fr\/wp-json\/wp\/v2\/posts\/98064\/revisions\/98068"}],"wp:featuredmedia":[{"embeddable":true,"href":"https:\/\/www.fanzword.com\/fr\/wp-json\/wp\/v2\/media\/98062"}],"wp:attachment":[{"href":"https:\/\/www.fanzword.com\/fr\/wp-json\/wp\/v2\/media?parent=98064"}],"wp:term":[{"taxonomy":"category","embeddable":true,"href":"https:\/\/www.fanzword.com\/fr\/wp-json\/wp\/v2\/categories?post=98064"},{"taxonomy":"post_tag","embeddable":true,"href":"https:\/\/www.fanzword.com\/fr\/wp-json\/wp\/v2\/tags?post=98064"}],"curies":[{"name":"wp","href":"https:\/\/api.w.org\/{rel}","templated":true}]}}