{"id":98029,"date":"2026-08-31T12:53:01","date_gmt":"2026-08-31T12:53:01","guid":{"rendered":"https:\/\/www.fanzword.com\/?p=98029"},"modified":"2026-08-31T12:53:01","modified_gmt":"2026-08-31T12:53:01","slug":"mercato-barcelone-boucle-les-arrivees-de-mirza-catovic-et-mickael-baza","status":"publish","type":"post","link":"https:\/\/www.fanzword.com\/fr\/mercato-barcelone-boucle-les-arrivees-de-mirza-catovic-et-mickael-baza\/","title":{"rendered":"Mercato : Barcelone boucle les arriv\u00e9es de Mirza Catovic et Mickael Baza"},"content":{"rendered":"<div class=\"container\">\n<div id=\"model-response-message-contentr_d6aa22cc2856cd6b\" class=\"markdown markdown-main-panel md-content enable-luminous-fast-follows enable-updated-hr-color stronger\" dir=\"ltr\" aria-busy=\"false\" aria-live=\"polite\">\n<p data-path-to-node=\"22\">Le FC Barcelone est pass\u00e9 \u00e0 l&rsquo;action dans les derni\u00e8res heures du mercato pour finaliser deux recrues en provenance d&rsquo;Allemagne : le milieu de terrain Mirza Catovic (Stuttgart) et le d\u00e9fenseur Mickael Baza (Hambourg). Les deux joueurs d\u00e9buteront leur apprentissage au sein de la r\u00e9serve du club.<\/p>\n<p data-path-to-node=\"23\">Catovic arrive en Catalogne sous la forme d&rsquo;un pr\u00eat avec option d&rsquo;achat, tandis que Baza s&rsquo;engage d\u00e9finitivement pour une dur\u00e9e de trois ans. Ces deux signatures visent \u00e0 renforcer le Bar\u00e7a Atl\u00e8tic et \u00e0 d\u00e9velopper des profils capables de se rapprocher progressivement de l&rsquo;\u00e9quipe premi\u00e8re.<\/p>\n<p data-path-to-node=\"24\"><b data-path-to-node=\"24\" data-index-in-node=\"0\">Mirza Catovic : Un milieu d\u00e9fensif au profil barcelonais<\/b><\/p>\n<p data-path-to-node=\"25\">Le Barcelone a trouv\u00e9 un accord avec le VfB Stuttgart pour le pr\u00eat d&rsquo;une saison de Catovic, assorti d&rsquo;une option d&rsquo;achat fix\u00e9e \u00e0 3,5 millions d&rsquo;euros pour le joueur de 19 ans, qui s&rsquo;est envol\u00e9 lundi vers la Catalogne pour passer sa visite m\u00e9dicale.<\/p>\n<p data-path-to-node=\"26\">L&rsquo;international allemand U19 int\u00e9grera directement l&rsquo;effectif du Bar\u00e7a Atl\u00e8tic entra\u00een\u00e9 par Belletti. Le club compte lui accorder un r\u00f4le central au milieu de terrain avant de trancher sur l&rsquo;activation de son option d&rsquo;achat en fin de saison.<\/p>\n<p data-path-to-node=\"27\">\u00c9voluant au poste de sentinelle, Catovic mesure 1,90 m et se distingue par sa patte gauche, sa s\u00e9r\u00e9nit\u00e9 sous pression et sa capacit\u00e9 \u00e0 orchestrer le jeu depuis sa zone, tout en faisant preuve d&rsquo;impact dans les duels et de lecture du jeu devant la d\u00e9fense.<\/p>\n<p data-path-to-node=\"28\">N\u00e9 en Serbie avant d&rsquo;opter pour les s\u00e9lections de jeunes allemandes, Catovic a rejoint le centre de formation de Stuttgart en 2022 avant de s&rsquo;imposer avec l&rsquo;\u00e9quipe r\u00e9serve, cumulant 45 matchs en 3. Liga (2 buts), dont 29 rencontres et 1 but au cours de la saison 2025-2026.<\/p>\n<p data-path-to-node=\"29\">Bien que pr\u00e9sent sur la feuille de match de l&rsquo;\u00e9quipe premi\u00e8re lors de plusieurs rencontres de Ligue Europa, le milieu de terrain n&rsquo;a pas disput\u00e9 la moindre minute officielle, choisissant de rejoindre le Bar\u00e7a Atl\u00e8tic pour b\u00e9n\u00e9ficier d&rsquo;un temps de jeu plus important et d&rsquo;une passerelle vers le haut niveau.<\/p>\n<p data-path-to-node=\"30\"><b data-path-to-node=\"30\" data-index-in-node=\"0\">Mickael Baza : Le proche de Jonathan Tah d\u00e9bute par la Masia<\/b><\/p>\n<p data-path-to-node=\"31\">La seconde recrue est Mickael Baza, d\u00e9fenseur central allemand de 16 ans, pour lequel le Bar\u00e7a a conclu un accord de transfert d\u00e9finitif avec Hambourg jusqu&rsquo;en juin 2029, alors que le joueur entrait dans la derni\u00e8re ann\u00e9e de son contrat.<\/p>\n<p data-path-to-node=\"32\">Baza alternera entre les U18 (Juvenil B) et le Bar\u00e7a Atl\u00e8tic, avec une mont\u00e9e en puissance progressive et des apparitions ponctuelles \u00e0 l&rsquo;entra\u00eenement de l&rsquo;\u00e9quipe premi\u00e8re selon son \u00e9volution physique et tactique, le club le consid\u00e9rant comme un projet \u00e0 long terme plut\u00f4t qu&rsquo;une solution imm\u00e9diate pour la d\u00e9fense de Hansi Flick.<\/p>\n<p data-path-to-node=\"33\">Capables d&rsquo;\u00e9voluer comme d\u00e9fenseur central gauche, le joueur allemand se caract\u00e9rise par sa puissance physique et son efficacit\u00e9 sur coups de pied arr\u00eat\u00e9s. Il a disput\u00e9 15 matchs comme titulaire avec les U17 de Hambourg la saison derni\u00e8re (4 buts), avant d&rsquo;\u00eatre promu \u00e0 l&rsquo;entra\u00eenement avec les U19 et de faire ses d\u00e9buts en r\u00e9serve.<\/p>\n<p data-path-to-node=\"34\">Baza a des liens de parent\u00e9 avec Jonathan Tah, le d\u00e9fenseur du Bayern Munich et de la Mannschaft, les deux joueurs ayant d\u00e9marr\u00e9 leur cursus au centre de formation de Hambourg. Le jeune joueur a pr\u00e9f\u00e9r\u00e9 l&rsquo;offre barcelonaise malgr\u00e9 l&rsquo;int\u00e9r\u00eat du Bayern, d\u00e9butant son parcours vers l&rsquo;\u00e9quipe premi\u00e8re via la Masia et le Bar\u00e7a Atl\u00e8tic.<\/p>\n<\/div>\n<\/div>\n","protected":false},"excerpt":{"rendered":"<p>Le FC Barcelone est pass\u00e9 \u00e0 l&rsquo;action dans les derni\u00e8res heures du mercato pour finaliser deux recrues en provenance d&rsquo;Allemagne : le milieu de terrain Mirza Catovic (Stuttgart) et le d\u00e9fenseur Mickael Baza (Hambourg). Les deux joueurs d\u00e9buteront leur apprentissage au sein de la r\u00e9serve du club. Catovic arrive en Catalogne sous la forme d&rsquo;un [&hellip;]<\/p>\n","protected":false},"author":2,"featured_media":98026,"comment_status":"closed","ping_status":"closed","sticky":false,"template":"","format":"standard","meta":{"sfio_featured_image":false,"sfio_embed_code":"","footnotes":""},"categories":[221,211,220],"tags":[],"class_list":["post-98029","post","type-post","status-publish","format-standard","has-post-thumbnail","hentry","category-barcelona-fr","category-bundesliga","category-la-liga-fr"],"_links":{"self":[{"href":"https:\/\/www.fanzword.com\/fr\/wp-json\/wp\/v2\/posts\/98029","targetHints":{"allow":["GET"]}}],"collection":[{"href":"https:\/\/www.fanzword.com\/fr\/wp-json\/wp\/v2\/posts"}],"about":[{"href":"https:\/\/www.fanzword.com\/fr\/wp-json\/wp\/v2\/types\/post"}],"author":[{"embeddable":true,"href":"https:\/\/www.fanzword.com\/fr\/wp-json\/wp\/v2\/users\/2"}],"replies":[{"embeddable":true,"href":"https:\/\/www.fanzword.com\/fr\/wp-json\/wp\/v2\/comments?post=98029"}],"version-history":[{"count":1,"href":"https:\/\/www.fanzword.com\/fr\/wp-json\/wp\/v2\/posts\/98029\/revisions"}],"predecessor-version":[{"id":98030,"href":"https:\/\/www.fanzword.com\/fr\/wp-json\/wp\/v2\/posts\/98029\/revisions\/98030"}],"wp:featuredmedia":[{"embeddable":true,"href":"https:\/\/www.fanzword.com\/fr\/wp-json\/wp\/v2\/media\/98026"}],"wp:attachment":[{"href":"https:\/\/www.fanzword.com\/fr\/wp-json\/wp\/v2\/media?parent=98029"}],"wp:term":[{"taxonomy":"category","embeddable":true,"href":"https:\/\/www.fanzword.com\/fr\/wp-json\/wp\/v2\/categories?post=98029"},{"taxonomy":"post_tag","embeddable":true,"href":"https:\/\/www.fanzword.com\/fr\/wp-json\/wp\/v2\/tags?post=98029"}],"curies":[{"name":"wp","href":"https:\/\/api.w.org\/{rel}","templated":true}]}}