{"id":98018,"date":"2026-08-31T12:44:37","date_gmt":"2026-08-31T12:44:37","guid":{"rendered":"https:\/\/www.fanzword.com\/?p=98018"},"modified":"2026-08-31T12:44:37","modified_gmt":"2026-08-31T12:44:37","slug":"psg-ousmane-dembele-prolonge-de-deux-ans-et-sengage-jusquen-2030","status":"publish","type":"post","link":"https:\/\/www.fanzword.com\/fr\/psg-ousmane-dembele-prolonge-de-deux-ans-et-sengage-jusquen-2030\/","title":{"rendered":"PSG : Ousmane Demb\u00e9l\u00e9 prolonge de deux ans et s&rsquo;engage jusqu&rsquo;en 2030"},"content":{"rendered":"<div class=\"container\">\n<div id=\"model-response-message-contentr_dec69fdadd52c241\" class=\"markdown markdown-main-panel md-content enable-luminous-fast-follows enable-updated-hr-color stronger\" dir=\"ltr\" aria-busy=\"false\" aria-live=\"polite\">\n<p data-path-to-node=\"16\">Le Paris Saint-Germain a trouv\u00e9 un accord avec Ousmane Demb\u00e9l\u00e9 pour une prolongation de contrat de deux saisons suppl\u00e9mentaires, une information confirm\u00e9e par <i data-path-to-node=\"16\" data-index-in-node=\"159\">L&rsquo;\u00c9quipe<\/i> \u00e0 la suite des r\u00e9v\u00e9lations de <i data-path-to-node=\"16\" data-index-in-node=\"198\">Canal+<\/i> sur l&rsquo;avanc\u00e9e des n\u00e9gociations.<\/p>\n<p data-path-to-node=\"17\">L&rsquo;attaquant fran\u00e7ais sera d\u00e9sormais li\u00e9 au champion d&rsquo;Europe jusqu&rsquo;en juin 2030, au lieu de l&rsquo;\u00e9ch\u00e9ance initiale fix\u00e9e \u00e0 l&rsquo;\u00e9t\u00e9 2028. La signature officielle et l&rsquo;annonce du club interveniront dans les prochaines semaines.<\/p>\n<p data-path-to-node=\"18\">Les discussions portaient principalement sur les attentes financi\u00e8res du joueur, qui souhaitait une revalorisation \u00e0 la hauteur de son statut de Ballon d&rsquo;Or, face \u00e0 la volont\u00e9 de la direction parisienne de respecter sa grille salariale en conditionnant la majeure partie de la hausse aux performances et au nombre de matchs disput\u00e9s.<\/p>\n<p data-path-to-node=\"19\">Si le montant exact du nouveau salaire n&rsquo;a pas \u00e9t\u00e9 communiqu\u00e9, Demb\u00e9l\u00e9 per\u00e7oit actuellement environ 1,5 million d&rsquo;euros brut par mois, soit 18 millions d&rsquo;euros par an hors primes. Selon les estimations li\u00e9es aux n\u00e9gociations, le nouveau package global pourrait approcher les 30 millions d&rsquo;euros annuels, primes et variables incluses.<\/p>\n<p data-path-to-node=\"20\">L&rsquo;international fran\u00e7ais avait re\u00e7u une proposition financi\u00e8re particuli\u00e8rement \u00e9lev\u00e9e du club saoudien d&rsquo;Al-Hilal au d\u00e9but de l&rsquo;\u00e9t\u00e9. Il l&rsquo;a d\u00e9clin\u00e9e pour poursuivre sa carri\u00e8re au plus haut niveau europ\u00e9en sous les couleurs du PSG.<\/p>\n<p data-path-to-node=\"21\">Recrut\u00e9 en provenance du FC Barcelone pour 50,4 millions d&rsquo;euros en ao\u00fbt 2023, Demb\u00e9l\u00e9 avait d\u00e9but\u00e9 son parcours parisien avec 6 buts et 13 passes d\u00e9cisives en 42 matchs, avant d&rsquo;exploser avec 35 buts et 16 passes d\u00e9cisives lors de la saison du sacre historique en Ligue des champions. Il a encha\u00een\u00e9 avec 20 buts la saison suivante, portant son bilan total \u00e0 61 buts en 136 rencontres avec le club de la capitale.<\/p>\n<p data-path-to-node=\"22\">Sous le maillot parisien, Demb\u00e9l\u00e9 a remport\u00e9 13 titres, dont deux Ligues des champions cons\u00e9cutives, trois championnats de France, deux Coupes de France, trois Troph\u00e9es des champions, deux Supercoupes d&rsquo;Europe et la Coupe Intercontinentale. Sur le plan individuel, il a \u00e9t\u00e9 couronn\u00e9 Ballon d&rsquo;Or 2025, d\u00e9sign\u00e9 Meilleur joueur FIFA de l&rsquo;ann\u00e9e, \u00e9lu deux fois meilleur joueur de Ligue 1 et a termin\u00e9 meilleur buteur du championnat lors de l&rsquo;ann\u00e9e du premier titre europ\u00e9en du club.<\/p>\n<\/div>\n<\/div>\n","protected":false},"excerpt":{"rendered":"<p>Le Paris Saint-Germain a trouv\u00e9 un accord avec Ousmane Demb\u00e9l\u00e9 pour une prolongation de contrat de deux saisons suppl\u00e9mentaires, une information confirm\u00e9e par L&rsquo;\u00c9quipe \u00e0 la suite des r\u00e9v\u00e9lations de Canal+ sur l&rsquo;avanc\u00e9e des n\u00e9gociations. L&rsquo;attaquant fran\u00e7ais sera d\u00e9sormais li\u00e9 au champion d&rsquo;Europe jusqu&rsquo;en juin 2030, au lieu de l&rsquo;\u00e9ch\u00e9ance initiale fix\u00e9e \u00e0 l&rsquo;\u00e9t\u00e9 2028. [&hellip;]<\/p>\n","protected":false},"author":2,"featured_media":98016,"comment_status":"closed","ping_status":"closed","sticky":false,"template":"","format":"standard","meta":{"sfio_featured_image":false,"sfio_embed_code":"","footnotes":""},"categories":[218,232],"tags":[],"class_list":["post-98018","post","type-post","status-publish","format-standard","has-post-thumbnail","hentry","category-ligue-1-fr","category-psg"],"_links":{"self":[{"href":"https:\/\/www.fanzword.com\/fr\/wp-json\/wp\/v2\/posts\/98018","targetHints":{"allow":["GET"]}}],"collection":[{"href":"https:\/\/www.fanzword.com\/fr\/wp-json\/wp\/v2\/posts"}],"about":[{"href":"https:\/\/www.fanzword.com\/fr\/wp-json\/wp\/v2\/types\/post"}],"author":[{"embeddable":true,"href":"https:\/\/www.fanzword.com\/fr\/wp-json\/wp\/v2\/users\/2"}],"replies":[{"embeddable":true,"href":"https:\/\/www.fanzword.com\/fr\/wp-json\/wp\/v2\/comments?post=98018"}],"version-history":[{"count":1,"href":"https:\/\/www.fanzword.com\/fr\/wp-json\/wp\/v2\/posts\/98018\/revisions"}],"predecessor-version":[{"id":98019,"href":"https:\/\/www.fanzword.com\/fr\/wp-json\/wp\/v2\/posts\/98018\/revisions\/98019"}],"wp:featuredmedia":[{"embeddable":true,"href":"https:\/\/www.fanzword.com\/fr\/wp-json\/wp\/v2\/media\/98016"}],"wp:attachment":[{"href":"https:\/\/www.fanzword.com\/fr\/wp-json\/wp\/v2\/media?parent=98018"}],"wp:term":[{"taxonomy":"category","embeddable":true,"href":"https:\/\/www.fanzword.com\/fr\/wp-json\/wp\/v2\/categories?post=98018"},{"taxonomy":"post_tag","embeddable":true,"href":"https:\/\/www.fanzword.com\/fr\/wp-json\/wp\/v2\/tags?post=98018"}],"curies":[{"name":"wp","href":"https:\/\/api.w.org\/{rel}","templated":true}]}}