{"id":97975,"date":"2026-08-31T12:14:03","date_gmt":"2026-08-31T12:14:03","guid":{"rendered":"https:\/\/www.fanzword.com\/?p=97975"},"modified":"2026-08-31T12:14:03","modified_gmt":"2026-08-31T12:14:03","slug":"liverpool-trouve-un-accord-verbal-pour-le-transfert-de-luka-bruegmans","status":"publish","type":"post","link":"https:\/\/www.fanzword.com\/fr\/liverpool-trouve-un-accord-verbal-pour-le-transfert-de-luka-bruegmans\/","title":{"rendered":"Liverpool trouve un accord verbal pour le transfert de Luka Bruegmans"},"content":{"rendered":"<div class=\"container\">\n<div id=\"model-response-message-contentr_acafc1417f0216cf\" class=\"markdown markdown-main-panel md-content enable-luminous-fast-follows enable-updated-hr-color stronger\" dir=\"ltr\" aria-busy=\"false\" aria-live=\"polite\">\n<p data-path-to-node=\"18\">Le FC Liverpool a conclu un accord verbal avec le KRC Genk pour le recrutement du prometteur gardien belge Luka Bruegmans, \u00e9tape cl\u00e9 dans la restructuration de sa hi\u00e9rarchie des gardiens de but.<\/p>\n<p data-path-to-node=\"19\">Le journaliste Fabrizio Romano indique que Genk a autoris\u00e9 le joueur \u00e0 passer sa visite m\u00e9dicale, la signature des contrats et les d\u00e9marches administratives restant \u00e0 effectuer pour officialiser le transfert.<\/p>\n<p data-path-to-node=\"20\">L&rsquo;accord s&rsquo;\u00e9l\u00e8ve \u00e0 environ 35 millions d&rsquo;euros, comprenant 33 millions d&rsquo;euros fixes et 2 millions de bonus. Bruegmans poursuivra sa progression \u00e0 Genk cette saison avant d&rsquo;effectuer son arriv\u00e9e d\u00e9finitive \u00e0 Anfield \u00e0 l&rsquo;\u00e9t\u00e9 2027.<\/p>\n<p data-path-to-node=\"21\">Surnomm\u00e9 le \u00ab nouveau Courtois \u00bb, ce gardien g\u00e9ant est issu de l&rsquo;acad\u00e9mie de Genk qui a r\u00e9v\u00e9l\u00e9 Thibaut Courtois. Il porte le maillot num\u00e9ro 28 en hommage au portier du Real Madrid, apr\u00e8s avoir obtenu son accord personnel par message vocal.<\/p>\n<p data-path-to-node=\"22\">Du haut de ses 2 m\u00e8tres, Bruegmans se distingue par ses r\u00e9flexes sur sa ligne, son autorit\u00e9 dans la surface et sa qualit\u00e9 de relance des deux pieds, correspondant au profil du gardien moderne recherch\u00e9 par les dirigeants de Liverpool, malgr\u00e9 une exp\u00e9rience limit\u00e9e \u00e0 15 matchs en \u00e9quipe premi\u00e8re avec Genk (dont 5 clean sheets).<\/p>\n<p data-path-to-node=\"23\">Ce recrutement intervient alors qu&rsquo;Alisson Becker avance en \u00e2ge. \u00c2g\u00e9 de 33 ans, le Br\u00e9silien entre dans la derni\u00e8re ann\u00e9e de son contrat expirant en juin 2027. Bien que Liverpool ait conserv\u00e9 son portier cet \u00e9t\u00e9, le club anticipe la succession d&rsquo;un joueur majeur de son histoire.<\/p>\n<p data-path-to-node=\"24\">Cette arriv\u00e9e entretient \u00e9galement l&rsquo;incertitude autour de l&rsquo;avenir du gardien g\u00e9orgien Giorgi Mamardashvili, recrut\u00e9 en provenance de Valence pour environ 29 millions de livres mais qui n&rsquo;a pas r\u00e9ussi \u00e0 d\u00e9loger Alisson. Son nom est associ\u00e9 \u00e0 un int\u00e9r\u00eat de Nottingham Forest, sans offre officielle \u00e0 ce jour.<\/p>\n<p data-path-to-node=\"25\">Bruegmans constitue le dernier investissement estival de Liverpool apr\u00e8s les arriv\u00e9es du d\u00e9fenseur fran\u00e7ais J\u00e9r\u00e9my Jacquet (Rennes, ~70 M\u20ac), de l&rsquo;attaquant espagnol V\u00edctor Mu\u00f1oz (Osasuna, ~40 M\u20ac) et le pr\u00eat de Ronald Ara\u00fajo (FC Barcelone), sous r\u00e9serve de la finalisation des examens m\u00e9dicaux.<\/p>\n<\/div>\n<\/div>\n","protected":false},"excerpt":{"rendered":"<p>Le FC Liverpool a conclu un accord verbal avec le KRC Genk pour le recrutement du prometteur gardien belge Luka Bruegmans, \u00e9tape cl\u00e9 dans la restructuration de sa hi\u00e9rarchie des gardiens de but. Le journaliste Fabrizio Romano indique que Genk a autoris\u00e9 le joueur \u00e0 passer sa visite m\u00e9dicale, la signature des contrats et les [&hellip;]<\/p>\n","protected":false},"author":2,"featured_media":97972,"comment_status":"closed","ping_status":"closed","sticky":false,"template":"","format":"standard","meta":{"sfio_featured_image":false,"sfio_embed_code":"","footnotes":""},"categories":[213,212],"tags":[],"class_list":["post-97975","post","type-post","status-publish","format-standard","has-post-thumbnail","hentry","category-liverpool","category-premier-league"],"_links":{"self":[{"href":"https:\/\/www.fanzword.com\/fr\/wp-json\/wp\/v2\/posts\/97975","targetHints":{"allow":["GET"]}}],"collection":[{"href":"https:\/\/www.fanzword.com\/fr\/wp-json\/wp\/v2\/posts"}],"about":[{"href":"https:\/\/www.fanzword.com\/fr\/wp-json\/wp\/v2\/types\/post"}],"author":[{"embeddable":true,"href":"https:\/\/www.fanzword.com\/fr\/wp-json\/wp\/v2\/users\/2"}],"replies":[{"embeddable":true,"href":"https:\/\/www.fanzword.com\/fr\/wp-json\/wp\/v2\/comments?post=97975"}],"version-history":[{"count":2,"href":"https:\/\/www.fanzword.com\/fr\/wp-json\/wp\/v2\/posts\/97975\/revisions"}],"predecessor-version":[{"id":97977,"href":"https:\/\/www.fanzword.com\/fr\/wp-json\/wp\/v2\/posts\/97975\/revisions\/97977"}],"wp:featuredmedia":[{"embeddable":true,"href":"https:\/\/www.fanzword.com\/fr\/wp-json\/wp\/v2\/media\/97972"}],"wp:attachment":[{"href":"https:\/\/www.fanzword.com\/fr\/wp-json\/wp\/v2\/media?parent=97975"}],"wp:term":[{"taxonomy":"category","embeddable":true,"href":"https:\/\/www.fanzword.com\/fr\/wp-json\/wp\/v2\/categories?post=97975"},{"taxonomy":"post_tag","embeddable":true,"href":"https:\/\/www.fanzword.com\/fr\/wp-json\/wp\/v2\/tags?post=97975"}],"curies":[{"name":"wp","href":"https:\/\/api.w.org\/{rel}","templated":true}]}}