{"id":97963,"date":"2026-08-31T12:08:54","date_gmt":"2026-08-31T12:08:54","guid":{"rendered":"https:\/\/www.fanzword.com\/?p=97963"},"modified":"2026-08-31T12:08:54","modified_gmt":"2026-08-31T12:08:54","slug":"mercato-claudio-echeverri-man-city-proche-dun-pret-a-benfica","status":"publish","type":"post","link":"https:\/\/www.fanzword.com\/fr\/mercato-claudio-echeverri-man-city-proche-dun-pret-a-benfica\/","title":{"rendered":"Mercato : Claudio Echeverri (Man City) proche d&rsquo;un pr\u00eat \u00e0 Benfica"},"content":{"rendered":"<div class=\"container\">\n<div id=\"model-response-message-contentr_e037073e1a1f4e18\" class=\"markdown markdown-main-panel md-content enable-luminous-fast-follows enable-updated-hr-color stronger\" dir=\"ltr\" aria-busy=\"false\" aria-live=\"polite\">\n<p data-path-to-node=\"17\">Manchester City est sur le point de pr\u00eater son jeune talent argentin Claudio Echeverri \u00e0 Benfica, dans une nouvelle tentative d&rsquo;offrir au joueur de 20 ans du temps de jeu et de lui faire retrouver son meilleur niveau apr\u00e8s un d\u00e9but de parcours europ\u00e9en contrast\u00e9.<\/p>\n<p data-path-to-node=\"18\">\u00ab El Diablito \u00bb a d\u00e9but\u00e9 sa formation \u00e0 l&rsquo;acad\u00e9mie de River Plate avant de rejoindre l&rsquo;\u00e9quipe premi\u00e8re en 2023. Manchester City s&rsquo;est attach\u00e9 ses services en janvier 2024 avec un contrat courant jusqu&rsquo;en juin 2028, tout en le laissant au sein du club argentin pour poursuivre sa progression.<\/p>\n<p data-path-to-node=\"19\">Selon les derni\u00e8res informations, Benfica est en n\u00e9gociations avanc\u00e9es pour obtenir le pr\u00eat d&rsquo;Echeverri jusqu&rsquo;\u00e0 la fin de la saison 2026-2027. Le joueur figurait \u00e9galement sur les tablettes du Real Betis et de Sheffield United lors des derniers jours du mercato.<\/p>\n<p data-path-to-node=\"20\">L&rsquo;accord devrait inclure une option d&rsquo;achat d\u00e9finitive en faveur de Benfica, dont le montant n&rsquo;a pas encore \u00e9t\u00e9 r\u00e9v\u00e9l\u00e9. Ce passage au Portugal constituerait son quatri\u00e8me pr\u00eat depuis son transfert sous le pavillon de Manchester City, apr\u00e8s River Plate, le Bayer Leverkusen et G\u00e9rone.<\/p>\n<p data-path-to-node=\"21\">Echeverri a eu tr\u00e8s peu d&rsquo;occasions de s&rsquo;exprimer avec le club anglais, ne disputant que 3 rencontres et inscrivant un seul but sur coup franc direct face \u00e0 Al Ain lors de la Coupe du Monde des Clubs de la FIFA, apr\u00e8s avoir effectu\u00e9 ses d\u00e9buts lors de la finale de la FA Cup contre Crystal Palace en mai 2025.<\/p>\n<p data-path-to-node=\"22\">Lors de son premier pr\u00eat en 2024, il a disput\u00e9 43 matchs avec River Plate pour 4 buts inscrits. Il a ensuite rejoint le Bayer Leverkusen, o\u00f9 il s&rsquo;est content\u00e9 de 11 apparitions et d&rsquo;une passe d\u00e9cisive sans marquer, poussant le club allemand \u00e0 mettre fin pr\u00e9matur\u00e9ment au pr\u00eat en raison de son faible temps de jeu.<\/p>\n<p data-path-to-node=\"23\">L&rsquo;international espoir argentin a ensuite pris la direction de G\u00e9rone en janvier 2026, accumulant 17 matchs en Liga avec un but et une passe d\u00e9cisive. Mais cette exp\u00e9rience s&rsquo;est conclue par la rel\u00e9gation du club espagnol. Echeverri cherche d\u00e9sormais \u00e0 retrouver \u00e0 Benfica la stabilit\u00e9 qui lui fait d\u00e9faut depuis son arriv\u00e9e en Europe pour rentabiliser l&rsquo;investissement consenti par Manchester City.<\/p>\n<\/div>\n<\/div>\n","protected":false},"excerpt":{"rendered":"<p>Manchester City est sur le point de pr\u00eater son jeune talent argentin Claudio Echeverri \u00e0 Benfica, dans une nouvelle tentative d&rsquo;offrir au joueur de 20 ans du temps de jeu et de lui faire retrouver son meilleur niveau apr\u00e8s un d\u00e9but de parcours europ\u00e9en contrast\u00e9. \u00ab El Diablito \u00bb a d\u00e9but\u00e9 sa formation \u00e0 l&rsquo;acad\u00e9mie [&hellip;]<\/p>\n","protected":false},"author":2,"featured_media":97960,"comment_status":"closed","ping_status":"closed","sticky":false,"template":"","format":"standard","meta":{"sfio_featured_image":false,"sfio_embed_code":"","footnotes":""},"categories":[216,212],"tags":[],"class_list":["post-97963","post","type-post","status-publish","format-standard","has-post-thumbnail","hentry","category-manchester-city-fr","category-premier-league"],"_links":{"self":[{"href":"https:\/\/www.fanzword.com\/fr\/wp-json\/wp\/v2\/posts\/97963","targetHints":{"allow":["GET"]}}],"collection":[{"href":"https:\/\/www.fanzword.com\/fr\/wp-json\/wp\/v2\/posts"}],"about":[{"href":"https:\/\/www.fanzword.com\/fr\/wp-json\/wp\/v2\/types\/post"}],"author":[{"embeddable":true,"href":"https:\/\/www.fanzword.com\/fr\/wp-json\/wp\/v2\/users\/2"}],"replies":[{"embeddable":true,"href":"https:\/\/www.fanzword.com\/fr\/wp-json\/wp\/v2\/comments?post=97963"}],"version-history":[{"count":2,"href":"https:\/\/www.fanzword.com\/fr\/wp-json\/wp\/v2\/posts\/97963\/revisions"}],"predecessor-version":[{"id":97965,"href":"https:\/\/www.fanzword.com\/fr\/wp-json\/wp\/v2\/posts\/97963\/revisions\/97965"}],"wp:featuredmedia":[{"embeddable":true,"href":"https:\/\/www.fanzword.com\/fr\/wp-json\/wp\/v2\/media\/97960"}],"wp:attachment":[{"href":"https:\/\/www.fanzword.com\/fr\/wp-json\/wp\/v2\/media?parent=97963"}],"wp:term":[{"taxonomy":"category","embeddable":true,"href":"https:\/\/www.fanzword.com\/fr\/wp-json\/wp\/v2\/categories?post=97963"},{"taxonomy":"post_tag","embeddable":true,"href":"https:\/\/www.fanzword.com\/fr\/wp-json\/wp\/v2\/tags?post=97963"}],"curies":[{"name":"wp","href":"https:\/\/api.w.org\/{rel}","templated":true}]}}