{"id":9791,"date":"2024-03-28T14:15:21","date_gmt":"2024-03-28T14:15:21","guid":{"rendered":"https:\/\/www.fanzword.com\/?p=9791"},"modified":"2024-03-28T14:15:21","modified_gmt":"2024-03-28T14:15:21","slug":"barcelone-exclut-5-entraineurs-et-en-choisit-3-autres-pour-succeder-a-xavi","status":"publish","type":"post","link":"https:\/\/www.fanzword.com\/fr\/barcelone-exclut-5-entraineurs-et-en-choisit-3-autres-pour-succeder-a-xavi\/","title":{"rendered":"Barcelone exclut 5 entra\u00eeneurs et en choisit 3 autres pour succ\u00e9der \u00e0 Xavi"},"content":{"rendered":"<p>L&rsquo;administration de Barcelone a exclu 5 noms propos\u00e9s pour entra\u00eener l&rsquo;\u00e9quipe qui succ\u00e9dera \u00e0 Xavi Hern\u00e1ndez la saison prochaine, tandis qu&rsquo;elle a dress\u00e9 une liste courte et d\u00e9finitive de seulement 3 noms pour choisir l&rsquo;un d&rsquo;entre eux pour entra\u00eener le club catalan.<\/p>\n<p>Selon ce qu&rsquo;a rapport\u00e9 le journal \u00ab\u00a0Sport\u00a0\u00bb, les noms exclus de la formation barcelonaise sont Thomas Tuchel et Julian Nagelsmann, ainsi que Mikel Arteta et Roberto De Zerbe, et enfin Jurgen Klopp.<\/p>\n<p>La direction du Bar\u00e7a estime que la personnalit\u00e9 de Tuchel est difficile et entrave la r\u00e9ussite, tandis que Nagelsmann n&rsquo;a pas l&rsquo;exp\u00e9rience n\u00e9cessaire pour une telle d\u00e9marche, tandis que De Zerbe n&rsquo;a pas form\u00e9 une grande \u00e9quipe pour le juger.<\/p>\n<p>Du c\u00f4t\u00e9 d\u2019Arteta, signer avec lui est presque impossible en raison de son contrat prolong\u00e9 avec Arsenal, et comme on le sait, Klopp veut se reposer pendant un an et ne changera pas sa d\u00e9cision, quelles que soient les offres propos\u00e9es.<\/p>\n<p>Inspir\u00e9e par les noms pr\u00e9c\u00e9dents, l&rsquo;administration de Barcelone a choisi 3 noms parmi lesquels Luis Enrique, Hansi Flick et, \u00e9tonnamment, Rafael Marquez, l&rsquo;entra\u00eeneur de r\u00e9serve.<\/p>\n<p>Le premier et pr\u00e9f\u00e9r\u00e9 choix de Joan Laporta est Enrique, mais le processus pour l&rsquo;inclure semble compliqu\u00e9 en raison de son contrat avec le Paris Saint-Germain qui s&rsquo;\u00e9tend jusqu&rsquo;\u00e0 l&rsquo;\u00e9t\u00e9 2025.<\/p>\n<p>Peut-\u00eatre que tous les indicateurs placent Hansi Flick comme le nouvel entra\u00eeneur des Blaugrana, car l&rsquo;entra\u00eeneur est friand de l&rsquo;id\u00e9e de s&rsquo;entra\u00eener au Camp Nou et a d\u00e9j\u00e0 commenc\u00e9 \u00e0 apprendre l&rsquo;espagnol et \u00e0 poser des questions sur tout ce qui concerne le Bar\u00e7a ces derniers jours.<\/p>\n<p>Le plan alternatif, en cas d&rsquo;\u00e9chec du contrat avec Enrique ou Flick, sera de promouvoir Marquez de l&rsquo;\u00e9quipe r\u00e9serve \u00e0 l&rsquo;\u00e9quipe premi\u00e8re, car l&rsquo;administration est impressionn\u00e9e par ce qu&rsquo;il propose avec la jeunesse, et peut-\u00eatre qu&rsquo;il sera le \u00a0\u00bb nouveau Guardiola.<\/p>\n<p>Il est \u00e0 noter que l&rsquo;administration de Barcelone esp\u00e8re toujours que Xavi Hern\u00e1ndez restera encore un an et n&rsquo;annoncera donc pas le nom du nouvel entra\u00eeneur avant la fin de la saison en cours.<\/p>\n","protected":false},"excerpt":{"rendered":"<p>L&rsquo;administration de Barcelone a exclu 5 noms propos\u00e9s pour entra\u00eener l&rsquo;\u00e9quipe qui succ\u00e9dera \u00e0 Xavi Hern\u00e1ndez la saison prochaine, tandis qu&rsquo;elle a dress\u00e9 une liste courte et d\u00e9finitive de seulement 3 noms pour choisir l&rsquo;un d&rsquo;entre eux pour entra\u00eener le club catalan. Selon ce qu&rsquo;a rapport\u00e9 le journal \u00ab\u00a0Sport\u00a0\u00bb, les noms exclus de la formation [&hellip;]<\/p>\n","protected":false},"author":2,"featured_media":9787,"comment_status":"open","ping_status":"open","sticky":false,"template":"","format":"standard","meta":{"sfio_featured_image":false,"sfio_embed_code":"","footnotes":""},"categories":[221,220],"tags":[],"class_list":["post-9791","post","type-post","status-publish","format-standard","has-post-thumbnail","hentry","category-barcelona-fr","category-la-liga-fr"],"_links":{"self":[{"href":"https:\/\/www.fanzword.com\/fr\/wp-json\/wp\/v2\/posts\/9791","targetHints":{"allow":["GET"]}}],"collection":[{"href":"https:\/\/www.fanzword.com\/fr\/wp-json\/wp\/v2\/posts"}],"about":[{"href":"https:\/\/www.fanzword.com\/fr\/wp-json\/wp\/v2\/types\/post"}],"author":[{"embeddable":true,"href":"https:\/\/www.fanzword.com\/fr\/wp-json\/wp\/v2\/users\/2"}],"replies":[{"embeddable":true,"href":"https:\/\/www.fanzword.com\/fr\/wp-json\/wp\/v2\/comments?post=9791"}],"version-history":[{"count":1,"href":"https:\/\/www.fanzword.com\/fr\/wp-json\/wp\/v2\/posts\/9791\/revisions"}],"predecessor-version":[{"id":9792,"href":"https:\/\/www.fanzword.com\/fr\/wp-json\/wp\/v2\/posts\/9791\/revisions\/9792"}],"wp:featuredmedia":[{"embeddable":true,"href":"https:\/\/www.fanzword.com\/fr\/wp-json\/wp\/v2\/media\/9787"}],"wp:attachment":[{"href":"https:\/\/www.fanzword.com\/fr\/wp-json\/wp\/v2\/media?parent=9791"}],"wp:term":[{"taxonomy":"category","embeddable":true,"href":"https:\/\/www.fanzword.com\/fr\/wp-json\/wp\/v2\/categories?post=9791"},{"taxonomy":"post_tag","embeddable":true,"href":"https:\/\/www.fanzword.com\/fr\/wp-json\/wp\/v2\/tags?post=9791"}],"curies":[{"name":"wp","href":"https:\/\/api.w.org\/{rel}","templated":true}]}}