{"id":8731,"date":"2024-03-16T17:38:46","date_gmt":"2024-03-16T17:38:46","guid":{"rendered":"https:\/\/www.fanzword.com\/?p=8731"},"modified":"2024-03-16T17:38:46","modified_gmt":"2024-03-16T17:38:46","slug":"la-chance-prive-guler-dun-but-fabuleux-et-ancelotti-commente-video","status":"publish","type":"post","link":"https:\/\/www.fanzword.com\/fr\/la-chance-prive-guler-dun-but-fabuleux-et-ancelotti-commente-video\/","title":{"rendered":"La chance prive Guler d&rsquo;un but fabuleux, et Ancelotti commente (vid\u00e9o)"},"content":{"rendered":"<p>Arda Guler a failli marquer son deuxi\u00e8me but pour le Real Madrid d&rsquo;une mani\u00e8re plus que merveilleuse en participant quelques minutes au match d&rsquo;Osasuna samedi.<\/p>\n<p>L&rsquo;international turc a remplac\u00e9 Vinicius Junior \u00e0 la 85e minute, dans le match qui s&rsquo;est termin\u00e9 par une victoire 4-2 du Royal Club et renfor\u00e7ant ainsi son avance en Liga.<\/p>\n<p>Guler a re\u00e7u le ballon au milieu du terrain du Real Madrid, l&rsquo;a travers\u00e9 au milieu du terrain d&rsquo;Osasuna et a profit\u00e9 de l&rsquo;avanc\u00e9e du gardien pour tirer le ballon vers le filet.<\/p>\n<p>Malheureusement pour le joueur de 18 ans, le ballon a touch\u00e9 la barre transversale et n&rsquo;est pas entr\u00e9 dans le filet, et m\u00eame Fede Valverde n&rsquo;a pas pu le compl\u00e9ter dans le filet par la suite.<\/p>\n<blockquote class=\"twitter-tweet\" data-media-max-width=\"560\">\n<p dir=\"rtl\" lang=\"ar\">\u0627\u0644\u062d\u0638 \u064a\u0639\u0627\u0646\u062f \u0627\u0644\u0646\u062c\u0645 \u0627\u0644\u062a\u0631\u0643\u064a \u0627\u0644\u0634\u0627\u0628 \u0623\u0631\u062f\u0627 \u063a\u0648\u0644\u064a\u0631 \u0627\u0644\u0630\u064a \u0643\u0627\u062f \u064a\u0633\u062c\u0651\u0644 \u0623\u062d\u062f \u0623\u062c\u0645\u0644 \u0623\u0647\u062f\u0627\u0641 \u0627\u0644\u0644\u064a\u063a\u0627 \u0647\u0630\u0627 \u0627\u0644\u0645\u0648\u0633\u0645<a href=\"https:\/\/twitter.com\/hashtag\/%D8%A7%D9%84%D8%AF%D9%88%D8%B1%D9%8A_%D8%A7%D9%84%D8%A5%D8%B3%D8%A8%D8%A7%D9%86%D9%8A?src=hash&amp;ref_src=twsrc%5Etfw\" rel=\"nofollow noopener\" target=\"_blank\">#\u0627\u0644\u062f\u0648\u0631\u064a_\u0627\u0644\u0625\u0633\u0628\u0627\u0646\u064a<\/a> <a href=\"https:\/\/twitter.com\/hashtag\/%D8%B1%D9%8A%D8%A7%D9%84_%D9%85%D8%AF%D8%B1%D9%8A%D8%AF_%D8%A7%D9%88%D8%B3%D8%A7%D8%B3%D9%88%D9%86%D8%A7?src=hash&amp;ref_src=twsrc%5Etfw\" rel=\"nofollow noopener\" target=\"_blank\">#\u0631\u064a\u0627\u0644_\u0645\u062f\u0631\u064a\u062f_\u0627\u0648\u0633\u0627\u0633\u0648\u0646\u0627<\/a> <a href=\"https:\/\/t.co\/WFdw1ePg70\" rel=\"nofollow\">pic.twitter.com\/WFdw1ePg70<\/a><\/p>\n<p>\u2014 beIN SPORTS (@beINSPORTS) <a href=\"https:\/\/twitter.com\/beINSPORTS\/status\/1769050957856284944?ref_src=twsrc%5Etfw\" rel=\"nofollow noopener\" target=\"_blank\">March 16, 2024<\/a><\/p><\/blockquote>\n<p><script async src=\"https:\/\/platform.twitter.com\/widgets.js\" charset=\"utf-8\"><\/script><br \/>\nPeut-\u00eatre que ce qui exprime le plus la beaut\u00e9 de ce que Guler a fait et sa malchance en m\u00eame temps est la r\u00e9action de Vinicius depuis le banc apr\u00e8s que le ballon a touch\u00e9 la barre transversale.<\/p>\n<p>Carlo Ancelotti a comment\u00e9 apr\u00e8s le match l&rsquo;occasion manqu\u00e9e en disant : \u00ab\u00a0C&rsquo;\u00e9tait comme un but pour nous. Peu importe que le ballon n&rsquo;entre pas dans les filets. J&rsquo;ai senti qu&rsquo;il marquait vraiment un but.\u00a0\u00bb<\/p>\n<p>Il a conclu : \u00ab\u00a0Tr\u00e8s peu de joueurs peuvent essayer de marquer de cette mani\u00e8re magique. Je n&rsquo;ai vu que tr\u00e8s peu de joueurs de cet \u00e2ge avec cette confiance qu&rsquo;a Goal.\u00a0\u00bb<\/p>\n<p>Guler avait \u00e9galement marqu\u00e9 son premier but avec le Real Madrid lors du dernier match contre le Celta Vigo dans les derniers instants.<\/p>\n","protected":false},"excerpt":{"rendered":"<p>Arda Guler a failli marquer son deuxi\u00e8me but pour le Real Madrid d&rsquo;une mani\u00e8re plus que merveilleuse en participant quelques minutes au match d&rsquo;Osasuna samedi. L&rsquo;international turc a remplac\u00e9 Vinicius Junior \u00e0 la 85e minute, dans le match qui s&rsquo;est termin\u00e9 par une victoire 4-2 du Royal Club et renfor\u00e7ant ainsi son avance en Liga. [&hellip;]<\/p>\n","protected":false},"author":2,"featured_media":8727,"comment_status":"open","ping_status":"open","sticky":false,"template":"","format":"standard","meta":{"sfio_featured_image":false,"sfio_embed_code":"","footnotes":""},"categories":[220,222],"tags":[],"class_list":["post-8731","post","type-post","status-publish","format-standard","has-post-thumbnail","hentry","category-la-liga-fr","category-real-madrid-fr"],"_links":{"self":[{"href":"https:\/\/www.fanzword.com\/fr\/wp-json\/wp\/v2\/posts\/8731","targetHints":{"allow":["GET"]}}],"collection":[{"href":"https:\/\/www.fanzword.com\/fr\/wp-json\/wp\/v2\/posts"}],"about":[{"href":"https:\/\/www.fanzword.com\/fr\/wp-json\/wp\/v2\/types\/post"}],"author":[{"embeddable":true,"href":"https:\/\/www.fanzword.com\/fr\/wp-json\/wp\/v2\/users\/2"}],"replies":[{"embeddable":true,"href":"https:\/\/www.fanzword.com\/fr\/wp-json\/wp\/v2\/comments?post=8731"}],"version-history":[{"count":1,"href":"https:\/\/www.fanzword.com\/fr\/wp-json\/wp\/v2\/posts\/8731\/revisions"}],"predecessor-version":[{"id":8732,"href":"https:\/\/www.fanzword.com\/fr\/wp-json\/wp\/v2\/posts\/8731\/revisions\/8732"}],"wp:featuredmedia":[{"embeddable":true,"href":"https:\/\/www.fanzword.com\/fr\/wp-json\/wp\/v2\/media\/8727"}],"wp:attachment":[{"href":"https:\/\/www.fanzword.com\/fr\/wp-json\/wp\/v2\/media?parent=8731"}],"wp:term":[{"taxonomy":"category","embeddable":true,"href":"https:\/\/www.fanzword.com\/fr\/wp-json\/wp\/v2\/categories?post=8731"},{"taxonomy":"post_tag","embeddable":true,"href":"https:\/\/www.fanzword.com\/fr\/wp-json\/wp\/v2\/tags?post=8731"}],"curies":[{"name":"wp","href":"https:\/\/api.w.org\/{rel}","templated":true}]}}