{"id":8469,"date":"2024-03-13T14:42:44","date_gmt":"2024-03-13T14:42:44","guid":{"rendered":"https:\/\/www.fanzword.com\/?p=8469"},"modified":"2024-03-13T14:42:44","modified_gmt":"2024-03-13T14:42:44","slug":"barcelone-appelle-xavi-a-continuer-et-lentraineur-repond-a-travers-les-medias","status":"publish","type":"post","link":"https:\/\/www.fanzword.com\/fr\/barcelone-appelle-xavi-a-continuer-et-lentraineur-repond-a-travers-les-medias\/","title":{"rendered":"Barcelone appelle Xavi \u00e0 continuer et l&rsquo;entra\u00eeneur r\u00e9pond \u00e0 travers les m\u00e9dias"},"content":{"rendered":"<p>Rafa Yoseti, vice-pr\u00e9sident de Barcelone, a confirm\u00e9 qu&rsquo;il esp\u00e8re que Xavi Hern\u00e1ndez continuera \u00e0 exercer ses fonctions d&rsquo;entra\u00eeneur du club catalan la saison prochaine.<\/p>\n<p>Les d\u00e9clarations de Yosetti interviennent \u00e0 la suite de la qualification de Barcelone pour les quarts de finale de la Ligue des champions apr\u00e8s avoir battu Naples 3-1 au match retour au stade olympique Luis Companis.<\/p>\n<p>Yosetti a d\u00e9clar\u00e9 que Xavi \u00ab\u00a0est bien conscient de ce qu&rsquo;il pense concernant son avenir\u00a0\u00bb et esp\u00e8re qu&rsquo;il continuera et remplira son contrat jusqu&rsquo;\u00e0 l&rsquo;\u00e9t\u00e9 2025 comme pr\u00e9vu.<\/p>\n<p>Yosetti a refus\u00e9 de parler des noms propos\u00e9s pour succ\u00e9der \u00e0 Xavi, soulignant seulement qu&rsquo;il \u00ab aime Xavi \u00bb, qu&rsquo;il veut qu&rsquo;il continue et qu&rsquo;il attend ce qui se passera dans les prochains jours.<\/p>\n<p>De son c\u00f4t\u00e9, Xavi est revenu et a confirm\u00e9 qu&rsquo;il quitterait l&rsquo;entra\u00eeneur des Blaugrana l&rsquo;\u00e9t\u00e9 prochain, m\u00eame s&rsquo;il r\u00e9ussit \u00e0 remporter la Ligue des Champions \u00e0 la fin de la saison en cours.<\/p>\n<p>L&rsquo;entra\u00eeneur, s&rsquo;adressant aux m\u00e9dias apr\u00e8s le match de Naples, a clairement d\u00e9clar\u00e9 que le moment \u00e9tait venu pour le changement \u00e0 Barcelone et que sa d\u00e9cision \u00e9tait d\u00e9finitive et ne changerait pas quoi qu&rsquo;il arrive dans les mois \u00e0 venir.<\/p>\n","protected":false},"excerpt":{"rendered":"<p>Rafa Yoseti, vice-pr\u00e9sident de Barcelone, a confirm\u00e9 qu&rsquo;il esp\u00e8re que Xavi Hern\u00e1ndez continuera \u00e0 exercer ses fonctions d&rsquo;entra\u00eeneur du club catalan la saison prochaine. Les d\u00e9clarations de Yosetti interviennent \u00e0 la suite de la qualification de Barcelone pour les quarts de finale de la Ligue des champions apr\u00e8s avoir battu Naples 3-1 au match retour [&hellip;]<\/p>\n","protected":false},"author":2,"featured_media":8465,"comment_status":"open","ping_status":"open","sticky":false,"template":"","format":"standard","meta":{"sfio_featured_image":false,"sfio_embed_code":"","footnotes":""},"categories":[221,220],"tags":[],"class_list":["post-8469","post","type-post","status-publish","format-standard","has-post-thumbnail","hentry","category-barcelona-fr","category-la-liga-fr"],"_links":{"self":[{"href":"https:\/\/www.fanzword.com\/fr\/wp-json\/wp\/v2\/posts\/8469","targetHints":{"allow":["GET"]}}],"collection":[{"href":"https:\/\/www.fanzword.com\/fr\/wp-json\/wp\/v2\/posts"}],"about":[{"href":"https:\/\/www.fanzword.com\/fr\/wp-json\/wp\/v2\/types\/post"}],"author":[{"embeddable":true,"href":"https:\/\/www.fanzword.com\/fr\/wp-json\/wp\/v2\/users\/2"}],"replies":[{"embeddable":true,"href":"https:\/\/www.fanzword.com\/fr\/wp-json\/wp\/v2\/comments?post=8469"}],"version-history":[{"count":1,"href":"https:\/\/www.fanzword.com\/fr\/wp-json\/wp\/v2\/posts\/8469\/revisions"}],"predecessor-version":[{"id":8470,"href":"https:\/\/www.fanzword.com\/fr\/wp-json\/wp\/v2\/posts\/8469\/revisions\/8470"}],"wp:featuredmedia":[{"embeddable":true,"href":"https:\/\/www.fanzword.com\/fr\/wp-json\/wp\/v2\/media\/8465"}],"wp:attachment":[{"href":"https:\/\/www.fanzword.com\/fr\/wp-json\/wp\/v2\/media?parent=8469"}],"wp:term":[{"taxonomy":"category","embeddable":true,"href":"https:\/\/www.fanzword.com\/fr\/wp-json\/wp\/v2\/categories?post=8469"},{"taxonomy":"post_tag","embeddable":true,"href":"https:\/\/www.fanzword.com\/fr\/wp-json\/wp\/v2\/tags?post=8469"}],"curies":[{"name":"wp","href":"https:\/\/api.w.org\/{rel}","templated":true}]}}