{"id":82016,"date":"2026-05-01T14:03:55","date_gmt":"2026-05-01T14:03:55","guid":{"rendered":"https:\/\/www.fanzword.com\/?p=82016"},"modified":"2026-05-01T14:03:55","modified_gmt":"2026-05-01T14:03:55","slug":"hansi-flick-prolonge-son-contrat-avec-barcelone-details-et-accord","status":"publish","type":"post","link":"https:\/\/www.fanzword.com\/fr\/hansi-flick-prolonge-son-contrat-avec-barcelone-details-et-accord\/","title":{"rendered":"Hansi Flick prolonge son contrat avec Barcelone : d\u00e9tails et accord"},"content":{"rendered":"<p>Le FC Barcelone a trouv\u00e9 un accord de principe avec son entra\u00eeneur, Hansi Flick, pour le maintenir au club pour au moins deux saisons suppl\u00e9mentaires. Cette d\u00e9cision est per\u00e7ue comme une r\u00e9compense de la part de la direction de Joan Laporta pour les performances exceptionnelles de l&rsquo;Allemand, qui a men\u00e9 les Blaugrana \u00e0 un deuxi\u00e8me titre cons\u00e9cutif de champion d&rsquo;Espagne.<\/p>\n<h2>Flick privil\u00e9gie un engagement \u00e0 court terme<\/h2>\n<p>Selon Mundo Deportivo, Hansi Flick a donn\u00e9 son accord au FC Barcelone pour une prolongation de contrat. Alors que son contrat actuel devait expirer \u00e0 l&rsquo;\u00e9t\u00e9 2026, le nouvel accord ajoute une ann\u00e9e suppl\u00e9mentaire.<\/p>\n<p>La direction du club catalan avait initialement propos\u00e9 une prolongation \u00e0 long terme jusqu&rsquo;en 2029. Cependant, pr\u00e9f\u00e9rant les engagements plus courts, Flick a inform\u00e9 directement le pr\u00e9sident Laporta qu&rsquo;une prolongation d&rsquo;un an \u00e9tait la meilleure solution pour toutes les parties.<\/p>\n<p>L&rsquo;accord comprend une option de prolongation d&rsquo;un an \u00e0 la fin de la saison 2027-2028, sous r\u00e9serve de l&rsquo;accord des deux parties. Le nouveau contrat pr\u00e9voit \u00e9galement une augmentation de salaire significative, t\u00e9moignant de la reconnaissance du club envers Flick pour avoir ramen\u00e9 le FC Barcelone au sommet du football europ\u00e9en apr\u00e8s la p\u00e9riode difficile qui a suivi le d\u00e9part de Lionel Messi en 2021.<\/p>\n<h2>Quand l&rsquo;annonce officielle aura-t-elle lieu\u00a0?<\/h2>\n<p>Seuls quelques d\u00e9tails restent \u00e0 r\u00e9gler avant la signature des documents d\u00e9finitifs, et une annonce officielle est attendue d&rsquo;ici une semaine.<\/p>\n<p>L&rsquo;agent de Flick, Pini Zahavi, est attendu \u00e0 Barcelone cette semaine pour une r\u00e9union de haut niveau. Outre la finalisation de la prolongation de contrat de Flick, la r\u00e9union abordera l&rsquo;avenir d&rsquo;un autre client de renom, Robert Lewandowski.<\/p>\n<p>Le FC Barcelone esp\u00e8re annoncer la nouvelle lors des c\u00e9l\u00e9brations officielles de son titre de champion d&rsquo;Espagne. Cela pourrait se faire d\u00e8s le prochain match contre Osasuna (en fonction du r\u00e9sultat du Real Madrid face \u00e0 l&rsquo;Espanyol) ou apr\u00e8s le Cl\u00e1sico du 10 mai.<\/p>\n<h2>L&rsquo;\u00e8re Flick\u00a0: 5 troph\u00e9es en deux saisons<\/h2>\n<p>Hansi Flick a pris les r\u00eanes d&rsquo;un FC Barcelone qui sortait d&rsquo;une saison blanche sous la direction de Xavi Hern\u00e1ndez. Depuis juillet 2024, le technicien allemand a men\u00e9 le club \u00e0 cinq titres nationaux\u00a0:<\/p>\n<ul>\n<li>Saison 1\u00a0: Un tripl\u00e9 historique (La Liga, Coupe du Roi et Supercoupe d&rsquo;Espagne).<\/li>\n<li>Saison 2\u00a0: Le titre en Supercoupe d&rsquo;Espagne, et un deuxi\u00e8me titre cons\u00e9cutif en Liga \u00e0 quelques jours seulement.<\/li>\n<\/ul>\n<p>Sur la sc\u00e8ne europ\u00e9enne, Flick a ramen\u00e9 le FC Barcelone en demi-finales de la Ligue des champions la saison derni\u00e8re pour la premi\u00e8re fois depuis des ann\u00e9es (d\u00e9faite face \u00e0 l&rsquo;Inter Milan). Cette saison, le parcours europ\u00e9en de l&rsquo;\u00e9quipe s&rsquo;est arr\u00eat\u00e9 en quarts de finale face \u00e0 l&rsquo;Atl\u00e9tico Madrid.<\/p>\n","protected":false},"excerpt":{"rendered":"<p>Le FC Barcelone a trouv\u00e9 un accord de principe avec son entra\u00eeneur, Hansi Flick, pour le maintenir au club pour au moins deux saisons suppl\u00e9mentaires. Cette d\u00e9cision est per\u00e7ue comme une r\u00e9compense de la part de la direction de Joan Laporta pour les performances exceptionnelles de l&rsquo;Allemand, qui a men\u00e9 les Blaugrana \u00e0 un deuxi\u00e8me [&hellip;]<\/p>\n","protected":false},"author":2,"featured_media":82013,"comment_status":"closed","ping_status":"closed","sticky":false,"template":"","format":"standard","meta":{"sfio_featured_image":false,"sfio_embed_code":"","footnotes":""},"categories":[221,220],"tags":[],"class_list":["post-82016","post","type-post","status-publish","format-standard","has-post-thumbnail","hentry","category-barcelona-fr","category-la-liga-fr"],"_links":{"self":[{"href":"https:\/\/www.fanzword.com\/fr\/wp-json\/wp\/v2\/posts\/82016","targetHints":{"allow":["GET"]}}],"collection":[{"href":"https:\/\/www.fanzword.com\/fr\/wp-json\/wp\/v2\/posts"}],"about":[{"href":"https:\/\/www.fanzword.com\/fr\/wp-json\/wp\/v2\/types\/post"}],"author":[{"embeddable":true,"href":"https:\/\/www.fanzword.com\/fr\/wp-json\/wp\/v2\/users\/2"}],"replies":[{"embeddable":true,"href":"https:\/\/www.fanzword.com\/fr\/wp-json\/wp\/v2\/comments?post=82016"}],"version-history":[{"count":2,"href":"https:\/\/www.fanzword.com\/fr\/wp-json\/wp\/v2\/posts\/82016\/revisions"}],"predecessor-version":[{"id":82018,"href":"https:\/\/www.fanzword.com\/fr\/wp-json\/wp\/v2\/posts\/82016\/revisions\/82018"}],"wp:featuredmedia":[{"embeddable":true,"href":"https:\/\/www.fanzword.com\/fr\/wp-json\/wp\/v2\/media\/82013"}],"wp:attachment":[{"href":"https:\/\/www.fanzword.com\/fr\/wp-json\/wp\/v2\/media?parent=82016"}],"wp:term":[{"taxonomy":"category","embeddable":true,"href":"https:\/\/www.fanzword.com\/fr\/wp-json\/wp\/v2\/categories?post=82016"},{"taxonomy":"post_tag","embeddable":true,"href":"https:\/\/www.fanzword.com\/fr\/wp-json\/wp\/v2\/tags?post=82016"}],"curies":[{"name":"wp","href":"https:\/\/api.w.org\/{rel}","templated":true}]}}