{"id":82004,"date":"2026-05-01T13:19:40","date_gmt":"2026-05-01T13:19:40","guid":{"rendered":"https:\/\/www.fanzword.com\/?p=82004"},"modified":"2026-05-01T13:19:40","modified_gmt":"2026-05-01T13:19:40","slug":"luka-modric-sur-le-point-de-prolonger-son-contrat-avec-lac-milan","status":"publish","type":"post","link":"https:\/\/www.fanzword.com\/fr\/luka-modric-sur-le-point-de-prolonger-son-contrat-avec-lac-milan\/","title":{"rendered":"Luka Modric sur le point de prolonger son contrat avec l&rsquo;AC Milan"},"content":{"rendered":"<p>Luka Modric serait sur le point de prolonger son contrat d&rsquo;une ann\u00e9e suppl\u00e9mentaire avec l&rsquo;AC Milan. Cette d\u00e9cision fait suite aux fortes pressions exerc\u00e9es par l&rsquo;entra\u00eeneur Massimiliano Allegri, qui consid\u00e8re la superstar croate comme la pierre angulaire du projet du club et l&rsquo;\u00e9l\u00e9ment essentiel pour une saison nationale et continentale r\u00e9ussie.<\/p>\n<h2>Allegri m\u00e8ne une r\u00e9union marathon de trois heures sur l&rsquo;avenir de Modric<\/h2>\n<p>Selon Calcio Mercato, Allegri a tenu une r\u00e9union marathon de trois heures avec le PDG Giorgio Furlani et le directeur sportif Igli Tare afin de d\u00e9finir la strat\u00e9gie pour la saison \u00e0 venir et d&rsquo;analyser l&rsquo;effectif actuel.<\/p>\n<p>Le principal sujet de discussion \u00e9tait l&rsquo;avenir de Modric. Le tacticien italien est d\u00e9termin\u00e9 \u00e0 conserver le joueur de 39 ans \u00e0 San Siro, avec l&rsquo;intention de construire le milieu de terrain des \u00ab Rossoneri \u00bb autour de son exp\u00e9rience et de sa ma\u00eetrise technique. Allegri a personnellement incit\u00e9 le joueur \u00e0 prolonger son contrat, soulignant \u00e0 plusieurs reprises l&rsquo;importance croissante de Modric pour le club et le rassurant sur le fait que son \u00e2ge ne constitue pas un obstacle \u00e0 des performances de haut niveau.<\/p>\n<h2>Modric donne son accord de principe pour une prolongation<\/h2>\n<p>Selon le quotidien italien La Gazzetta dello Sport, Modric a donn\u00e9 son accord de principe pour activer la clause de prolongation de 12 mois. Le Ballon d&rsquo;Or souhaite poursuivre son aventure sous les ordres d&rsquo;Allegri et est particuli\u00e8rement motiv\u00e9 par la perspective de mener le Milan AC en Ligue des Champions la saison prochaine.<\/p>\n<p>Cependant, malgr\u00e9 cet accord quasi d\u00e9finitif, Modric pr\u00e9f\u00e8re attendre la fin de la Coupe du Monde 2026 avant de signer officiellement. Il subsiste une l\u00e9g\u00e8re possibilit\u00e9 que le milieu de terrain prenne sa retraite apr\u00e8s le tournoi, en fonction des performances de la Croatie. Par cons\u00e9quent, il a demand\u00e9 aux dirigeants milanais de patienter jusqu&rsquo;\u00e0 la fin de ses obligations internationales, moment auquel il prendra sa d\u00e9cision finale entre prolongation et retraite.<\/p>\n<p>Le directeur sportif Igli Tare s&rsquo;est montr\u00e9 optimiste quant \u00e0 la situation, d\u00e9clarant aux m\u00e9dias italiens : \u00ab Je suis convaincu que Luka signera un nouveau contrat et restera avec nous une saison de plus. \u00bb<\/p>\n<h2>Saison \u00e9court\u00e9e par une blessure avant la Coupe du Monde 2026<\/h2>\n<p>La saison de Modric avec l&rsquo;AC Milan s&rsquo;est termin\u00e9e pr\u00e9matur\u00e9ment suite \u00e0 une fracture de la pommette contract\u00e9e la semaine derni\u00e8re lors du match de Serie A contre la Juventus. Cette blessure a n\u00e9cessit\u00e9 une intervention chirurgicale, le contraignant \u00e0 l&rsquo;inactivit\u00e9 pour le reste de la saison.<\/p>\n<p>Le l\u00e9gendaire milieu de terrain devrait \u00eatre r\u00e9tabli \u00e0 temps pour la Coupe du Monde 2026, o\u00f9 il portera vraisemblablement un masque de protection. Ce sera sa cinqui\u00e8me participation \u00e0 cette prestigieuse comp\u00e9tition.<\/p>\n<p>Statistiquement, Modric a \u00e9t\u00e9 un joueur infatigable pour Milan cette saison, cumulant 2\u00a0788 minutes de jeu en 32 titularisations et seulement deux entr\u00e9es en jeu. Fait remarquable, ce temps de jeu d\u00e9passe tous ses totaux des cinq derni\u00e8res saisons au Real Madrid, t\u00e9moignant de sa forme physique constante et de sa valeur.<\/p>\n","protected":false},"excerpt":{"rendered":"<p>Luka Modric serait sur le point de prolonger son contrat d&rsquo;une ann\u00e9e suppl\u00e9mentaire avec l&rsquo;AC Milan. Cette d\u00e9cision fait suite aux fortes pressions exerc\u00e9es par l&rsquo;entra\u00eeneur Massimiliano Allegri, qui consid\u00e8re la superstar croate comme la pierre angulaire du projet du club et l&rsquo;\u00e9l\u00e9ment essentiel pour une saison nationale et continentale r\u00e9ussie. Allegri m\u00e8ne une r\u00e9union [&hellip;]<\/p>\n","protected":false},"author":2,"featured_media":82001,"comment_status":"closed","ping_status":"closed","sticky":false,"template":"","format":"standard","meta":{"sfio_featured_image":false,"sfio_embed_code":"","footnotes":""},"categories":[217],"tags":[],"class_list":["post-82004","post","type-post","status-publish","format-standard","has-post-thumbnail","hentry","category-serie-a-fr"],"_links":{"self":[{"href":"https:\/\/www.fanzword.com\/fr\/wp-json\/wp\/v2\/posts\/82004","targetHints":{"allow":["GET"]}}],"collection":[{"href":"https:\/\/www.fanzword.com\/fr\/wp-json\/wp\/v2\/posts"}],"about":[{"href":"https:\/\/www.fanzword.com\/fr\/wp-json\/wp\/v2\/types\/post"}],"author":[{"embeddable":true,"href":"https:\/\/www.fanzword.com\/fr\/wp-json\/wp\/v2\/users\/2"}],"replies":[{"embeddable":true,"href":"https:\/\/www.fanzword.com\/fr\/wp-json\/wp\/v2\/comments?post=82004"}],"version-history":[{"count":2,"href":"https:\/\/www.fanzword.com\/fr\/wp-json\/wp\/v2\/posts\/82004\/revisions"}],"predecessor-version":[{"id":82006,"href":"https:\/\/www.fanzword.com\/fr\/wp-json\/wp\/v2\/posts\/82004\/revisions\/82006"}],"wp:featuredmedia":[{"embeddable":true,"href":"https:\/\/www.fanzword.com\/fr\/wp-json\/wp\/v2\/media\/82001"}],"wp:attachment":[{"href":"https:\/\/www.fanzword.com\/fr\/wp-json\/wp\/v2\/media?parent=82004"}],"wp:term":[{"taxonomy":"category","embeddable":true,"href":"https:\/\/www.fanzword.com\/fr\/wp-json\/wp\/v2\/categories?post=82004"},{"taxonomy":"post_tag","embeddable":true,"href":"https:\/\/www.fanzword.com\/fr\/wp-json\/wp\/v2\/tags?post=82004"}],"curies":[{"name":"wp","href":"https:\/\/api.w.org\/{rel}","templated":true}]}}