{"id":81993,"date":"2026-05-01T11:32:17","date_gmt":"2026-05-01T11:32:17","guid":{"rendered":"https:\/\/www.fanzword.com\/?p=81993"},"modified":"2026-05-01T11:32:17","modified_gmt":"2026-05-01T11:32:17","slug":"jurgen-klopp-snobe-le-real-madrid-jose-mourinho-pret-pour-un-retour-surprise-au-bernabeu","status":"publish","type":"post","link":"https:\/\/www.fanzword.com\/fr\/jurgen-klopp-snobe-le-real-madrid-jose-mourinho-pret-pour-un-retour-surprise-au-bernabeu\/","title":{"rendered":"J\u00fcrgen Klopp snobe le Real Madrid : Jos\u00e9 Mourinho pr\u00eat pour un retour surprise au Bernab\u00e9u ?"},"content":{"rendered":"<p>Malgr\u00e9 son statut de candidat id\u00e9al pour la direction du Santiago Bernab\u00e9u, J\u00fcrgen Klopp ne sera pas l&rsquo;entra\u00eeneur du Real Madrid la saison prochaine. Des sources espagnoles et allemandes confirment que le technicien allemand de 60 ans n&rsquo;est \u00ab pas int\u00e9ress\u00e9 \u00bb par un retour sur le banc pour le moment.<\/p>\n<p>Selon certaines informations, bien que Florentino P\u00e9rez et son \u00e9quipe aient une grande estime pour Klopp, aucune n\u00e9gociation formelle n&rsquo;a eu lieu ces quatre derniers mois. La direction du Real Madrid aurait attendu un signal de Klopp \u2013 un indice quant \u00e0 un retour sur le banc ou une d\u00e9claration publique de disponibilit\u00e9 \u2013 mais ce signal n&rsquo;est jamais venu.<\/p>\n<p>Par l&rsquo;interm\u00e9diaire d&rsquo;interm\u00e9diaires \u2013 dont l&rsquo;ancien milieu de terrain Toni Kroos \u2013 le Real Madrid a appris que Klopp est pleinement investi dans son r\u00f4le actuel de directeur du football mondial chez Red Bull. Il semblerait que seul le poste de s\u00e9lectionneur de l&rsquo;\u00e9quipe nationale allemande soit susceptible de faire sortir Klopp de sa \u00ab retraite \u00bb actuelle, plut\u00f4t qu&rsquo;un retour \u00e0 l&rsquo;environnement stressant du football de club.<\/p>\n<h2>Le Special One 2.0 : Mourinho, favori<\/h2>\n<p>Avec le d\u00e9part de Klopp, le Real Madrid se tourne vers un visage familier : Jos\u00e9 Mourinho. Bien que ce choix rencontre une opposition interne, notamment de la part du directeur g\u00e9n\u00e9ral Jos\u00e9 \u00c1ngel S\u00e1nchez, le pr\u00e9sident Florentino P\u00e9rez serait convaincu que le \u00ab Special One \u00bb est l&rsquo;homme id\u00e9al pour succ\u00e9der \u00e0 \u00c1lvaro Arbeloa et ramener les Merengues au sommet.<\/p>\n<h3>La clause lib\u00e9ratoire de 3 millions d&rsquo;euros<\/h3>\n<p>Selon AS, le timing est crucial. Le Real Madrid a jusqu&rsquo;au 27 mai pour activer une clause lib\u00e9ratoire sp\u00e9cifique du contrat de Mourinho avec Benfica, d&rsquo;une valeur de seulement 3 millions d&rsquo;euros. Si P\u00e9rez manque cette \u00e9ch\u00e9ance, il sera contraint d&rsquo;entamer des n\u00e9gociations complexes avec la direction de Benfica \u00e0 l&rsquo;Estadio da Luz.<\/p>\n<h2>R\u00e9union cruciale \u00e0 l&rsquo;horizon<\/h2>\n<p>Selon les m\u00e9dias espagnols, une rencontre en t\u00eate-\u00e0-t\u00eate entre Florentino P\u00e9rez et Jos\u00e9 Mourinho est pr\u00e9vue dans les prochains jours. Ce sommet d\u00e9cisif d\u00e9terminera l&rsquo;avenir de l&rsquo;entra\u00eeneur du Real Madrid. \u00c0 l&rsquo;issue de cette r\u00e9union, le technicien portugais de 63 ans sera soit nomm\u00e9 entra\u00eeneur pour la saison prochaine, soit le Real Madrid sera contraint de se tourner vers un autre candidat.<\/p>\n<h3>Autres candidats\u00a0: Le facteur Pochettino<\/h3>\n<p>Si le nom de Mauricio Pochettino reste \u00e9voqu\u00e9, sa cote a r\u00e9cemment baiss\u00e9. Son engagement \u00e0 diriger l&rsquo;\u00e9quipe nationale am\u00e9ricaine lors de la Coupe du monde 2026 signifie qu&rsquo;il ne pourrait pas prendre ses fonctions \u00e0 Madrid avant la mi-juillet, un d\u00e9lai que la direction du Real Madrid serait r\u00e9ticente \u00e0 accepter.<\/p>\n","protected":false},"excerpt":{"rendered":"<p>Malgr\u00e9 son statut de candidat id\u00e9al pour la direction du Santiago Bernab\u00e9u, J\u00fcrgen Klopp ne sera pas l&rsquo;entra\u00eeneur du Real Madrid la saison prochaine. Des sources espagnoles et allemandes confirment que le technicien allemand de 60 ans n&rsquo;est \u00ab pas int\u00e9ress\u00e9 \u00bb par un retour sur le banc pour le moment. Selon certaines informations, bien [&hellip;]<\/p>\n","protected":false},"author":2,"featured_media":81990,"comment_status":"closed","ping_status":"closed","sticky":false,"template":"","format":"standard","meta":{"sfio_featured_image":false,"sfio_embed_code":"","footnotes":""},"categories":[220,222],"tags":[],"class_list":["post-81993","post","type-post","status-publish","format-standard","has-post-thumbnail","hentry","category-la-liga-fr","category-real-madrid-fr"],"_links":{"self":[{"href":"https:\/\/www.fanzword.com\/fr\/wp-json\/wp\/v2\/posts\/81993","targetHints":{"allow":["GET"]}}],"collection":[{"href":"https:\/\/www.fanzword.com\/fr\/wp-json\/wp\/v2\/posts"}],"about":[{"href":"https:\/\/www.fanzword.com\/fr\/wp-json\/wp\/v2\/types\/post"}],"author":[{"embeddable":true,"href":"https:\/\/www.fanzword.com\/fr\/wp-json\/wp\/v2\/users\/2"}],"replies":[{"embeddable":true,"href":"https:\/\/www.fanzword.com\/fr\/wp-json\/wp\/v2\/comments?post=81993"}],"version-history":[{"count":1,"href":"https:\/\/www.fanzword.com\/fr\/wp-json\/wp\/v2\/posts\/81993\/revisions"}],"predecessor-version":[{"id":81994,"href":"https:\/\/www.fanzword.com\/fr\/wp-json\/wp\/v2\/posts\/81993\/revisions\/81994"}],"wp:featuredmedia":[{"embeddable":true,"href":"https:\/\/www.fanzword.com\/fr\/wp-json\/wp\/v2\/media\/81990"}],"wp:attachment":[{"href":"https:\/\/www.fanzword.com\/fr\/wp-json\/wp\/v2\/media?parent=81993"}],"wp:term":[{"taxonomy":"category","embeddable":true,"href":"https:\/\/www.fanzword.com\/fr\/wp-json\/wp\/v2\/categories?post=81993"},{"taxonomy":"post_tag","embeddable":true,"href":"https:\/\/www.fanzword.com\/fr\/wp-json\/wp\/v2\/tags?post=81993"}],"curies":[{"name":"wp","href":"https:\/\/api.w.org\/{rel}","templated":true}]}}