{"id":81981,"date":"2026-05-01T11:22:05","date_gmt":"2026-05-01T11:22:05","guid":{"rendered":"https:\/\/www.fanzword.com\/?p=81981"},"modified":"2026-05-01T11:22:05","modified_gmt":"2026-05-01T11:22:05","slug":"blessure-de-lamine-yamal-forfait-pour-le-premier-match-de-lespagne-a-la-coupe-du-monde-2026","status":"publish","type":"post","link":"https:\/\/www.fanzword.com\/fr\/blessure-de-lamine-yamal-forfait-pour-le-premier-match-de-lespagne-a-la-coupe-du-monde-2026\/","title":{"rendered":"Blessure de Lamine Yamal : forfait pour le premier match de l&rsquo;Espagne \u00e0 la Coupe du Monde 2026 ?"},"content":{"rendered":"<p>Le s\u00e9lectionneur espagnol, Luis de la Fuente, est confront\u00e9 \u00e0 un dilemme tactique : la participation du jeune prodige de 18 ans, Lamine Yamal, au match d&rsquo;ouverture de la Coupe du Monde 2026 contre le Cap-Vert reste tr\u00e8s incertaine.<\/p>\n<p>L&rsquo;ailier du FC Barcelone s&rsquo;est bless\u00e9 aux muscles lors d&rsquo;un match de Liga contre le Celta Vigo. Si le Bar\u00e7a a confirm\u00e9 la fin de sa saison afin de privil\u00e9gier sa convalescence, la forme physique du jeune talent pour la phase de groupes en Am\u00e9rique du Nord est toujours scrut\u00e9e de pr\u00e8s.<\/p>\n<h2>Le \u00ab sc\u00e9nario Dani Olmo \u00bb : le plan strat\u00e9gique de De la Fuente<\/h2>\n<p>Malgr\u00e9 le risque de voir Yamal manquer les premiers matchs, De la Fuente envisage une strat\u00e9gie similaire \u00e0 celle employ\u00e9e avec Dani Olmo lors de l&rsquo;Euro 2024. Olmo \u00e9tait arriv\u00e9 bless\u00e9 \u00e0 cette comp\u00e9tition, mais s&rsquo;\u00e9tait r\u00e9v\u00e9l\u00e9 d\u00e9cisif lors des phases finales.<\/p>\n<p>\u00ab Il n&rsquo;est pas toujours n\u00e9cessaire qu&rsquo;un joueur soit pr\u00eat d\u00e8s le coup d&rsquo;envoi ; nous devons \u00e9valuer son impact \u00e0 des moments pr\u00e9cis \u00bb, a d\u00e9clar\u00e9 De la Fuente, interrog\u00e9 sur Yamal.<\/p>\n<p>Le s\u00e9lectionneur a pr\u00e9cis\u00e9 : \u00ab Olmo est arriv\u00e9 bless\u00e9 \u00e0 l&rsquo;Euro 2024 et nous avons failli le laisser sur le banc. Pourtant, il a \u00e9t\u00e9 d\u00e9cisif lors des phases finales. Certains joueurs ne jouent peut-\u00eatre pas 60 minutes, mais peuvent en r\u00e9aliser 20 excellentes qui font basculer un match. Notre priorit\u00e9 est d&rsquo;avoir la meilleure \u00e9quipe possible pour les moments d\u00e9cisifs. \u00bb<\/p>\n<h2>Calendrier de convalescence et date de retour pr\u00e9vue<\/h2>\n<p>Les premi\u00e8res estimations m\u00e9dicales \u00e9voquaient une p\u00e9riode de convalescence de 4 \u00e0 6 semaines. Cependant, les derni\u00e8res informations indiquent que le processus de r\u00e9\u00e9ducation pourrait \u00eatre prolong\u00e9 afin de ne pas compromettre durablement la carri\u00e8re du jeune joueur.<\/p>\n<h3>Situation actuelle :<\/h3>\n<ul>\n<li>Contre le Cap-Vert (15 juin) : Fortement incertain.<\/li>\n<li>Contre l&rsquo;Arabie saoudite (21 juin) : Possibilit\u00e9 d&rsquo;entr\u00e9e en jeu en seconde p\u00e9riode.<\/li>\n<li>Contre l&rsquo;Uruguay (27 juin) : Devrait \u00eatre \u00e0 100 % de ses capacit\u00e9s pour ce dernier match de groupe \u00e0 enjeux \u00e9lev\u00e9s.<\/li>\n<\/ul>\n","protected":false},"excerpt":{"rendered":"<p>Le s\u00e9lectionneur espagnol, Luis de la Fuente, est confront\u00e9 \u00e0 un dilemme tactique : la participation du jeune prodige de 18 ans, Lamine Yamal, au match d&rsquo;ouverture de la Coupe du Monde 2026 contre le Cap-Vert reste tr\u00e8s incertaine. L&rsquo;ailier du FC Barcelone s&rsquo;est bless\u00e9 aux muscles lors d&rsquo;un match de Liga contre le Celta [&hellip;]<\/p>\n","protected":false},"author":2,"featured_media":81978,"comment_status":"closed","ping_status":"closed","sticky":false,"template":"","format":"standard","meta":{"sfio_featured_image":false,"sfio_embed_code":"","footnotes":""},"categories":[221,220],"tags":[],"class_list":["post-81981","post","type-post","status-publish","format-standard","has-post-thumbnail","hentry","category-barcelona-fr","category-la-liga-fr"],"_links":{"self":[{"href":"https:\/\/www.fanzword.com\/fr\/wp-json\/wp\/v2\/posts\/81981","targetHints":{"allow":["GET"]}}],"collection":[{"href":"https:\/\/www.fanzword.com\/fr\/wp-json\/wp\/v2\/posts"}],"about":[{"href":"https:\/\/www.fanzword.com\/fr\/wp-json\/wp\/v2\/types\/post"}],"author":[{"embeddable":true,"href":"https:\/\/www.fanzword.com\/fr\/wp-json\/wp\/v2\/users\/2"}],"replies":[{"embeddable":true,"href":"https:\/\/www.fanzword.com\/fr\/wp-json\/wp\/v2\/comments?post=81981"}],"version-history":[{"count":1,"href":"https:\/\/www.fanzword.com\/fr\/wp-json\/wp\/v2\/posts\/81981\/revisions"}],"predecessor-version":[{"id":81982,"href":"https:\/\/www.fanzword.com\/fr\/wp-json\/wp\/v2\/posts\/81981\/revisions\/81982"}],"wp:featuredmedia":[{"embeddable":true,"href":"https:\/\/www.fanzword.com\/fr\/wp-json\/wp\/v2\/media\/81978"}],"wp:attachment":[{"href":"https:\/\/www.fanzword.com\/fr\/wp-json\/wp\/v2\/media?parent=81981"}],"wp:term":[{"taxonomy":"category","embeddable":true,"href":"https:\/\/www.fanzword.com\/fr\/wp-json\/wp\/v2\/categories?post=81981"},{"taxonomy":"post_tag","embeddable":true,"href":"https:\/\/www.fanzword.com\/fr\/wp-json\/wp\/v2\/tags?post=81981"}],"curies":[{"name":"wp","href":"https:\/\/api.w.org\/{rel}","templated":true}]}}