{"id":81970,"date":"2026-05-01T11:13:19","date_gmt":"2026-05-01T11:13:19","guid":{"rendered":"https:\/\/www.fanzword.com\/?p=81970"},"modified":"2026-05-01T11:13:19","modified_gmt":"2026-05-01T11:13:19","slug":"gianni-infantino-et-donald-trump-confirment-la-participation-de-liran-a-la-cdm-2026","status":"publish","type":"post","link":"https:\/\/www.fanzword.com\/fr\/gianni-infantino-et-donald-trump-confirment-la-participation-de-liran-a-la-cdm-2026\/","title":{"rendered":"Gianni Infantino, et Donald Trump confirment la participation de l&rsquo;Iran \u00e0 la CDM 2026"},"content":{"rendered":"<p>Gianni Infantino, pr\u00e9sident de la FIFA, a mis fin \u00e0 trois mois de sp\u00e9culations intenses concernant la pr\u00e9sence de l&rsquo;Iran au prochain tournoi. Lors de l&rsquo;ouverture du Congr\u00e8s de la FIFA \u00e0 Vancouver, au Canada, M. Infantino a fait une d\u00e9claration sans \u00e9quivoque confirmant que l&rsquo;\u00e9quipe nationale iranienne participera normalement et disputera ses matchs sur le sol am\u00e9ricain.<\/p>\n<p>\u00ab Je tiens \u00e0 affirmer sans \u00e9quivoque que l&rsquo;Iran participera, bien s\u00fbr, \u00e0 la Coupe du Monde 2026 \u00bb, a d\u00e9clar\u00e9 le dirigeant suisse. \u00ab Naturellement, l&rsquo;Iran jouera aux \u00c9tats-Unis sans aucun obstacle. \u00bb<\/p>\n<p>M. Infantino a soulign\u00e9 que la mission premi\u00e8re du football est d&rsquo;unir les peuples et de transcender les conflits, affirmant qu&rsquo;exclure l&rsquo;Iran irait \u00e0 l&rsquo;encontre de \u00ab l&rsquo;objectif supr\u00eame du sport \u00bb.<\/p>\n<h2>R\u00e9ponse de Donald Trump\u00a0: \u00ab\u00a0\u00c7a me convient\u00a0\u00bb<\/h2>\n<p>Depuis la Maison-Blanche, le pr\u00e9sident am\u00e9ricain Donald Trump s\u2019est adress\u00e9 aux m\u00e9dias au sujet de cette question controvers\u00e9e. Alors qu\u2019il avait auparavant d\u00e9conseill\u00e9 \u00e0 l\u2019\u00e9quipe iranienne de se rendre aux \u00c9tats-Unis, son discours a sembl\u00e9 changer apr\u00e8s la confirmation de la participation d\u2019Infantino.<\/p>\n<p>Interrog\u00e9 sur la position d\u2019Infantino, Trump a r\u00e9pondu\u00a0: \u00ab\u00a0Infantino a dit que l\u2019Iran participerait\u00a0? Si c\u2019est ce qu\u2019il a dit, alors \u00e7a me convient. Je lui ai dit de faire ce qu\u2019il voulait.\u00a0\u00bb<\/p>\n<p>Le pr\u00e9sident a ajout\u00e9 : \u00ab Ils ont probablement une bonne \u00e9quipe\u2026 C\u2019est difficile \u00e0 croire, en fait, mais je pense qu\u2019ils devraient \u00eatre autoris\u00e9s \u00e0 jouer. \u00bb<\/p>\n<h2>Position officielle de la F\u00e9d\u00e9ration iranienne de football<\/h2>\n<p>Bien qu\u2019\u00e9tant la premi\u00e8re nation \u00e0 avoir annonc\u00e9 sa liste pr\u00e9liminaire pour le tournoi, la F\u00e9d\u00e9ration iranienne de football n\u2019a pas encore confirm\u00e9 officiellement sa participation, se contentant de d\u00e9clarations g\u00e9n\u00e9rales.<\/p>\n<p>Auparavant, l\u2019Iran aurait envisag\u00e9 la possibilit\u00e9 de d\u00e9localiser ses matchs de phase de groupes au Mexique. Si les responsables mexicains \u00e9taient ouverts \u00e0 cette id\u00e9e, la FIFA maintient sa position : le calendrier se d\u00e9roulera aux \u00c9tats-Unis comme pr\u00e9vu initialement.<\/p>\n<p>Alors que le ministre iranien des Sports avait pr\u00e9c\u00e9demment laiss\u00e9 entendre un possible retrait, les derni\u00e8res informations en provenance de T\u00e9h\u00e9ran sugg\u00e8rent que les \u00ab \u00c9toiles persanes \u00bb participeront bel et bien \u00e0 cette \u00e9dition historique de la Coupe du monde \u00e0 48 \u00e9quipes.<\/p>\n<h2>Phase de groupes<\/h2>\n<p>L\u2019Iran a \u00e9t\u00e9 plac\u00e9 dans le groupe L avec l\u2019\u00c9gypte, la Belgique et la Nouvelle-Z\u00e9lande.<\/p>\n<h3>Premier match de l\u2019Iran :<\/h3>\n<ul>\n<li>Adversaire : Nouvelle-Z\u00e9lande<\/li>\n<li>Date : 16 juin 2026<\/li>\n<li>Lieu : SoFi Stadium Stade, Inglewood, Californie (r\u00e9gion de Los Angeles).<\/li>\n<\/ul>\n","protected":false},"excerpt":{"rendered":"<p>Gianni Infantino, pr\u00e9sident de la FIFA, a mis fin \u00e0 trois mois de sp\u00e9culations intenses concernant la pr\u00e9sence de l&rsquo;Iran au prochain tournoi. Lors de l&rsquo;ouverture du Congr\u00e8s de la FIFA \u00e0 Vancouver, au Canada, M. Infantino a fait une d\u00e9claration sans \u00e9quivoque confirmant que l&rsquo;\u00e9quipe nationale iranienne participera normalement et disputera ses matchs sur [&hellip;]<\/p>\n","protected":false},"author":2,"featured_media":81967,"comment_status":"closed","ping_status":"closed","sticky":false,"template":"","format":"standard","meta":{"sfio_featured_image":false,"sfio_embed_code":"","footnotes":""},"categories":[254],"tags":[],"class_list":["post-81970","post","type-post","status-publish","format-standard","has-post-thumbnail","hentry","category-football-arabe"],"_links":{"self":[{"href":"https:\/\/www.fanzword.com\/fr\/wp-json\/wp\/v2\/posts\/81970","targetHints":{"allow":["GET"]}}],"collection":[{"href":"https:\/\/www.fanzword.com\/fr\/wp-json\/wp\/v2\/posts"}],"about":[{"href":"https:\/\/www.fanzword.com\/fr\/wp-json\/wp\/v2\/types\/post"}],"author":[{"embeddable":true,"href":"https:\/\/www.fanzword.com\/fr\/wp-json\/wp\/v2\/users\/2"}],"replies":[{"embeddable":true,"href":"https:\/\/www.fanzword.com\/fr\/wp-json\/wp\/v2\/comments?post=81970"}],"version-history":[{"count":1,"href":"https:\/\/www.fanzword.com\/fr\/wp-json\/wp\/v2\/posts\/81970\/revisions"}],"predecessor-version":[{"id":81971,"href":"https:\/\/www.fanzword.com\/fr\/wp-json\/wp\/v2\/posts\/81970\/revisions\/81971"}],"wp:featuredmedia":[{"embeddable":true,"href":"https:\/\/www.fanzword.com\/fr\/wp-json\/wp\/v2\/media\/81967"}],"wp:attachment":[{"href":"https:\/\/www.fanzword.com\/fr\/wp-json\/wp\/v2\/media?parent=81970"}],"wp:term":[{"taxonomy":"category","embeddable":true,"href":"https:\/\/www.fanzword.com\/fr\/wp-json\/wp\/v2\/categories?post=81970"},{"taxonomy":"post_tag","embeddable":true,"href":"https:\/\/www.fanzword.com\/fr\/wp-json\/wp\/v2\/tags?post=81970"}],"curies":[{"name":"wp","href":"https:\/\/api.w.org\/{rel}","templated":true}]}}