{"id":81947,"date":"2026-05-01T11:00:18","date_gmt":"2026-05-01T11:00:18","guid":{"rendered":"https:\/\/www.fanzword.com\/?p=81947"},"modified":"2026-05-01T11:00:18","modified_gmt":"2026-05-01T11:00:18","slug":"neuer-repousse-sa-retraite-la-legende-du-bayern-munich-prolonge-son-contrat-jusquen-2027","status":"publish","type":"post","link":"https:\/\/www.fanzword.com\/fr\/neuer-repousse-sa-retraite-la-legende-du-bayern-munich-prolonge-son-contrat-jusquen-2027\/","title":{"rendered":"Neuer repousse sa retraite : la l\u00e9gende du Bayern Munich prolonge son contrat jusqu&rsquo;en 2027"},"content":{"rendered":"<p>Manuel Neuer, le capitaine l\u00e9gendaire du Bayern Munich, aurait d\u00e9cid\u00e9 de repousser sa retraite d&rsquo;une ann\u00e9e. Le gardien de 40 ans est actuellement en n\u00e9gociations avanc\u00e9es avec le club bavarois pour prolonger son s\u00e9jour \u00e0 l&rsquo;Allianz Arena jusqu&rsquo;en juin 2027.<\/p>\n<p>Malgr\u00e9 des mois de sp\u00e9culations concernant son avenir, la forme exceptionnelle de Neuer cette saison a convaincu le joueur et le club qu&rsquo;il a encore beaucoup \u00e0 offrir au plus haut niveau du football europ\u00e9en.<\/p>\n<h2>D\u00e9tails des n\u00e9gociations : une avanc\u00e9e positive<\/h2>\n<p>Selon Sky Sports, les repr\u00e9sentants de Neuer ont rencontr\u00e9 la direction du Bayern Munich jeudi dernier pour discuter des termes d&rsquo;un nouveau contrat. Des sources proches du club qualifient la r\u00e9union de \u00ab tr\u00e8s positive \u00bb, laissant entendre qu&rsquo;une annonce officielle pourrait intervenir dans les prochaines semaines.<\/p>\n<h2>Deux conditions : baisse de salaire et mentorat<\/h2>\n<p>Pour faciliter cette prolongation de contrat, le Bayern Munich aurait pos\u00e9 deux conditions principales \u00e0 Neuer, qu&rsquo;il serait pr\u00eat \u00e0 examiner :<\/p>\n<p>Baisse de salaire : Le club souhaite r\u00e9duire le salaire annuel actuel de Neuer, estim\u00e9 \u00e0 environ 20 millions d&rsquo;euros.<\/p>\n<p>La transition \u00ab Jonas Urbig \u00bb : Neuer aurait accept\u00e9 un temps de jeu r\u00e9duit. Cette strat\u00e9gie vise \u00e0 offrir davantage de temps de jeu \u00e0 Jonas Urbig, l&rsquo;ancien gardien du FC Cologne, afin de le pr\u00e9parer \u00e0 succ\u00e9der \u00e0 long terme \u00e0 Jonas Urbig au Bayern.<\/p>\n<h3>Une transition harmonieuse<\/h3>\n<p>Fait int\u00e9ressant, Neuer entretiendrait d&rsquo;excellentes relations avec Urbig. Le jeune gardien serait ravi \u00e0 l&rsquo;id\u00e9e d&rsquo;alterner avec son idole, y voyant une le\u00e7on magistrale unique de gardien de haut niveau avant de prendre d\u00e9finitivement le poste de titulaire.<\/p>\n<h2>En route pour une 17e saison<\/h2>\n<p>Bien que quelques d\u00e9tails concernant le montant final du salaire soient encore en cours de finalisation, les deux parties devraient parvenir \u00e0 un accord dans les prochains jours. Cet accord permettrait \u00e0 Manuel Neuer d&rsquo;entamer sa 17e saison cons\u00e9cutive au Bayern Munich, confortant ainsi son statut de meilleur gardien de but de l&rsquo;histoire du football allemand.<\/p>\n","protected":false},"excerpt":{"rendered":"<p>Manuel Neuer, le capitaine l\u00e9gendaire du Bayern Munich, aurait d\u00e9cid\u00e9 de repousser sa retraite d&rsquo;une ann\u00e9e. Le gardien de 40 ans est actuellement en n\u00e9gociations avanc\u00e9es avec le club bavarois pour prolonger son s\u00e9jour \u00e0 l&rsquo;Allianz Arena jusqu&rsquo;en juin 2027. Malgr\u00e9 des mois de sp\u00e9culations concernant son avenir, la forme exceptionnelle de Neuer cette saison [&hellip;]<\/p>\n","protected":false},"author":2,"featured_media":81944,"comment_status":"closed","ping_status":"closed","sticky":false,"template":"","format":"standard","meta":{"sfio_featured_image":false,"sfio_embed_code":"","footnotes":""},"categories":[225,211],"tags":[],"class_list":["post-81947","post","type-post","status-publish","format-standard","has-post-thumbnail","hentry","category-bayern-munich-fr","category-bundesliga"],"_links":{"self":[{"href":"https:\/\/www.fanzword.com\/fr\/wp-json\/wp\/v2\/posts\/81947","targetHints":{"allow":["GET"]}}],"collection":[{"href":"https:\/\/www.fanzword.com\/fr\/wp-json\/wp\/v2\/posts"}],"about":[{"href":"https:\/\/www.fanzword.com\/fr\/wp-json\/wp\/v2\/types\/post"}],"author":[{"embeddable":true,"href":"https:\/\/www.fanzword.com\/fr\/wp-json\/wp\/v2\/users\/2"}],"replies":[{"embeddable":true,"href":"https:\/\/www.fanzword.com\/fr\/wp-json\/wp\/v2\/comments?post=81947"}],"version-history":[{"count":1,"href":"https:\/\/www.fanzword.com\/fr\/wp-json\/wp\/v2\/posts\/81947\/revisions"}],"predecessor-version":[{"id":81948,"href":"https:\/\/www.fanzword.com\/fr\/wp-json\/wp\/v2\/posts\/81947\/revisions\/81948"}],"wp:featuredmedia":[{"embeddable":true,"href":"https:\/\/www.fanzword.com\/fr\/wp-json\/wp\/v2\/media\/81944"}],"wp:attachment":[{"href":"https:\/\/www.fanzword.com\/fr\/wp-json\/wp\/v2\/media?parent=81947"}],"wp:term":[{"taxonomy":"category","embeddable":true,"href":"https:\/\/www.fanzword.com\/fr\/wp-json\/wp\/v2\/categories?post=81947"},{"taxonomy":"post_tag","embeddable":true,"href":"https:\/\/www.fanzword.com\/fr\/wp-json\/wp\/v2\/tags?post=81947"}],"curies":[{"name":"wp","href":"https:\/\/api.w.org\/{rel}","templated":true}]}}