{"id":81888,"date":"2026-05-01T10:29:46","date_gmt":"2026-05-01T10:29:46","guid":{"rendered":"https:\/\/www.fanzword.com\/?p=81888"},"modified":"2026-05-01T10:29:46","modified_gmt":"2026-05-01T10:29:46","slug":"carteron-a-ete-limoge-de-son-poste-dentraineur-du-wydad","status":"publish","type":"post","link":"https:\/\/www.fanzword.com\/fr\/carteron-a-ete-limoge-de-son-poste-dentraineur-du-wydad\/","title":{"rendered":"Carteron a \u00e9t\u00e9 limog\u00e9 de son poste d&rsquo;entra\u00eeneur du Wydad"},"content":{"rendered":"<p>Le Wydad Athletic Club (WAC) a officiellement annonc\u00e9 le limogeage de son entra\u00eeneur fran\u00e7ais, Patrice Carteron. Cette d\u00e9cision intervient apr\u00e8s un mandat \u00e9clair de seulement 40 jours, mettant fin \u00e0 une exp\u00e9rience d\u00e9cevante qui n&rsquo;a pas r\u00e9pondu aux attentes de la direction et des supporters, et exposant le club au risque de conna\u00eetre une saison sans troph\u00e9e pour la deuxi\u00e8me ann\u00e9e cons\u00e9cutive.<\/p>\n<h2>Des chiffres catastrophiques\u00a0: pourquoi Carteron a-t-il \u00e9chou\u00e9 avec le Wydad\u00a0?<\/h2>\n<p>\u00c2g\u00e9 de 55\u00a0ans, Carteron avait pris les r\u00eanes de l&rsquo;\u00e9quipe le 24\u00a0mars, succ\u00e9dant \u00e0 Mohamed Benhachem apr\u00e8s l&rsquo;\u00e9limination d\u00e9cevante du club de la Coupe de la Conf\u00e9d\u00e9ration de la CAF. Cependant, les r\u00e9sultats obtenus sous sa direction furent d\u00e9cevants\u00a0:<\/p>\n<ul>\n<li>Matchs jou\u00e9s\u00a0: 5<\/li>\n<li>Victoires\u00a0: 0<\/li>\n<li>D\u00e9faites\u00a0: 3 (Contre le FUS Rabat, le Maghreb F\u00e8s et l\u2019Union Ya\u00e2coub el-Mansour)<\/li>\n<li>Nuls\u00a0: 2 (Contre Kawkab Marrakech et Difa\u00e2 El Jadida)<\/li>\n<\/ul>\n<p>Cette incapacit\u00e9 technique \u00e0 remporter la moindre victoire a rendu impossible la poursuite de l\u2019activit\u00e9 du Fran\u00e7ais, face \u00e0 la pression croissante des supporters.<\/p>\n<h2>D\u00e9tails de la rupture de contrat\u00a0: Le Wydad verse une indemnit\u00e9 cons\u00e9quente<\/h2>\n<p>Des sources internes au complexe \u00ab\u00a0Benjelloun\u00a0\u00bb indiquent que la direction a \u00e9t\u00e9 contrainte de verser une lourde indemnit\u00e9 pour r\u00e9silier le contrat de Carteron. Le montant de l\u2019indemnit\u00e9 est estim\u00e9 \u00e0 environ 200\u00a0000\u00a0dollars am\u00e9ricains. Cette somme alourdit le fardeau financier du club, d\u2019autant plus que le CV prestigieux de Carteron en Afrique (Al Ahly, Zamalek, Raja et TP Mazembe) justifiait des conditions contractuelles tr\u00e8s avantageuses.<\/p>\n<h2>Hamouda Benchrifa \u00e0 la t\u00eate de la transition<\/h2>\n<p>La direction du club a d\u00e9cid\u00e9 de miser sur ses jeunes talents pour stabiliser l&rsquo;\u00e9quipe, en nommant Hamouda Benchrifa entra\u00eeneur principal jusqu&rsquo;\u00e0 la fin de la saison. Le nouveau staff technique comprend :<\/p>\n<ul>\n<li>Youssef Achami : Entra\u00eeneur adjoint<\/li>\n<li>Tariq El Jarmouni : Entra\u00eeneur des gardiens<\/li>\n<\/ul>\n<p>La direction esp\u00e8re que la connaissance approfondie de l&rsquo;identit\u00e9 du Wydad par le staff technique apportera le dynamisme n\u00e9cessaire avant la reprise des comp\u00e9titions.<\/p>\n<h2>Classement actuel du Wydad en championnat marocain<\/h2>\n<p>Malgr\u00e9 des recrues de renom lors du mercato estival, le Wydad termine une saison mouvement\u00e9e :<\/p>\n<ul>\n<li>Position actuelle : 4e de Botola Pro.<\/li>\n<li>Points : 31 points.<\/li>\n<li>\u00c9cart avec le leader : 6 points derri\u00e8re le Maghreb F\u00e8s.<\/li>\n<\/ul>\n<p>Le championnat marocain sera interrompu pour une longue dur\u00e9e et ne devrait pas reprendre avant juillet, la saison se terminant apr\u00e8s la Coupe du Monde de la FIFA 2026. Benchrifa dispose ainsi de suffisamment de temps pour restructurer son effectif.<\/p>\n","protected":false},"excerpt":{"rendered":"<p>Le Wydad Athletic Club (WAC) a officiellement annonc\u00e9 le limogeage de son entra\u00eeneur fran\u00e7ais, Patrice Carteron. Cette d\u00e9cision intervient apr\u00e8s un mandat \u00e9clair de seulement 40 jours, mettant fin \u00e0 une exp\u00e9rience d\u00e9cevante qui n&rsquo;a pas r\u00e9pondu aux attentes de la direction et des supporters, et exposant le club au risque de conna\u00eetre une saison [&hellip;]<\/p>\n","protected":false},"author":2,"featured_media":81886,"comment_status":"closed","ping_status":"closed","sticky":false,"template":"","format":"standard","meta":{"sfio_featured_image":false,"sfio_embed_code":"","footnotes":""},"categories":[254],"tags":[],"class_list":["post-81888","post","type-post","status-publish","format-standard","has-post-thumbnail","hentry","category-football-arabe"],"_links":{"self":[{"href":"https:\/\/www.fanzword.com\/fr\/wp-json\/wp\/v2\/posts\/81888","targetHints":{"allow":["GET"]}}],"collection":[{"href":"https:\/\/www.fanzword.com\/fr\/wp-json\/wp\/v2\/posts"}],"about":[{"href":"https:\/\/www.fanzword.com\/fr\/wp-json\/wp\/v2\/types\/post"}],"author":[{"embeddable":true,"href":"https:\/\/www.fanzword.com\/fr\/wp-json\/wp\/v2\/users\/2"}],"replies":[{"embeddable":true,"href":"https:\/\/www.fanzword.com\/fr\/wp-json\/wp\/v2\/comments?post=81888"}],"version-history":[{"count":2,"href":"https:\/\/www.fanzword.com\/fr\/wp-json\/wp\/v2\/posts\/81888\/revisions"}],"predecessor-version":[{"id":81890,"href":"https:\/\/www.fanzword.com\/fr\/wp-json\/wp\/v2\/posts\/81888\/revisions\/81890"}],"wp:featuredmedia":[{"embeddable":true,"href":"https:\/\/www.fanzword.com\/fr\/wp-json\/wp\/v2\/media\/81886"}],"wp:attachment":[{"href":"https:\/\/www.fanzword.com\/fr\/wp-json\/wp\/v2\/media?parent=81888"}],"wp:term":[{"taxonomy":"category","embeddable":true,"href":"https:\/\/www.fanzword.com\/fr\/wp-json\/wp\/v2\/categories?post=81888"},{"taxonomy":"post_tag","embeddable":true,"href":"https:\/\/www.fanzword.com\/fr\/wp-json\/wp\/v2\/tags?post=81888"}],"curies":[{"name":"wp","href":"https:\/\/api.w.org\/{rel}","templated":true}]}}