{"id":81864,"date":"2026-04-29T21:07:14","date_gmt":"2026-04-29T21:07:14","guid":{"rendered":"https:\/\/www.fanzword.com\/?p=81864"},"modified":"2026-04-29T21:07:14","modified_gmt":"2026-04-29T21:07:14","slug":"toni-kroos-de-retour-au-real-madrid-details-du-nouveau-role-et-du-plan-zidane","status":"publish","type":"post","link":"https:\/\/www.fanzword.com\/fr\/toni-kroos-de-retour-au-real-madrid-details-du-nouveau-role-et-du-plan-zidane\/","title":{"rendered":"Toni Kroos de retour au Real Madrid ? D\u00e9tails du nouveau r\u00f4le et du \u00ab plan Zidane \u00bb"},"content":{"rendered":"<p>Le Real Madrid souhaite faire revenir sa l\u00e9gende allemande, Toni Kroos, dans un nouveau r\u00f4le administratif et technique, afin de restructurer le club et de b\u00e9n\u00e9ficier de sa vaste exp\u00e9rience. Des discussions ont d\u00e9j\u00e0 eu lieu r\u00e9cemment entre les deux parties \u00e0 ce sujet.<\/p>\n<h2>Le retour de Toni Kroos : des n\u00e9gociations s\u00e9rieuses pour un poste de direction<\/h2>\n<p>Selon des informations fiables de The Athletic, le Real Madrid est actuellement en discussions avanc\u00e9es avec Toni Kroos. L&rsquo;objectif n&rsquo;est pas un retour sur le terrain en tant que joueur, mais un poste de cadre dirigeant pour contribuer \u00e0 fa\u00e7onner le projet sportif du club pour les saisons \u00e0 venir.<\/p>\n<p>Depuis sa retraite en 2024, Kroos est rest\u00e9 \u00e0 Madrid, o\u00f9 il dirige son centre de formation. Son attachement profond \u00e0 la ville et son immense popularit\u00e9 aupr\u00e8s de l&rsquo;effectif actuel font de lui le candidat id\u00e9al pour une transition \u00e0 la t\u00eate du club.<\/p>\n<p>Florentino P\u00e9rez ne voit pas Kroos comme une simple figure symbolique ; Le club pr\u00e9voit de reproduire le mod\u00e8le \u00e0 succ\u00e8s de Zin\u00e9dine Zidane. La strat\u00e9gie repose sur une progression claire\u00a0:<\/p>\n<ul>\n<li>Consultant technique\u00a0: D\u00e9buter en tant que conseiller strat\u00e9gique aupr\u00e8s de la direction (\u00e0 l\u2019image du retour de Zidane en 2010).<\/li>\n<li>Recrutement et strat\u00e9gie\u00a0: Jouer un r\u00f4le actif dans l\u2019identification des talents et fournir des \u00e9valuations techniques.<\/li>\n<li>Futur entra\u00eeneur\u00a0? Laisser Kroos choisir son avenir\u00a0: rester manager ou prendre les r\u00eanes de l\u2019\u00e9quipe.<\/li>\n<\/ul>\n<h2>L\u2019influence de Kroos sur les futurs transferts du Real Madrid<\/h2>\n<p>S\u2019il accepte, Kroos si\u00e9gera \u00e0 la table des d\u00e9cisions aux c\u00f4t\u00e9s de\u00a0:<\/p>\n<ul>\n<li>Jos\u00e9 \u00c1ngel S\u00e1nchez (PDG)<\/li>\n<li>Juni Calafat (Directeur du recrutement).<\/li>\n<\/ul>\n<p>Kroos apporterait un regard unique, centr\u00e9 sur le joueur, sur les nouvelles recrues, utilisant son intelligence footballistique l\u00e9gendaire pour \u00e9valuer leur ad\u00e9quation avec l\u2019ADN du Real Madrid.<\/p>\n<h2>La grande surprise\u00a0: Un lien avec J\u00fcrgen Klopp\u00a0?<\/h2>\n<p>L&rsquo;annonce du retour de Kroos co\u00efncide avec les rumeurs liant J\u00fcrgen Klopp au poste d&rsquo;entra\u00eeneur du Real Madrid. Selon certaines sources, Kroos pourrait \u00eatre la personne id\u00e9ale pour :<\/p>\n<ul>\n<li>Convaincre Klopp de mettre fin \u00e0 son ann\u00e9e sabbatique et de rejoindre le club madril\u00e8ne.<\/li>\n<li>Gr\u00e2ce \u00e0 sa parfaite ma\u00eetrise de l&rsquo;allemand et de l&rsquo;espagnol, il pourrait \u00e9galement occuper un poste d&rsquo;entra\u00eeneur adjoint ou de m\u00e9diateur linguistique et tactique.<\/li>\n<\/ul>\n","protected":false},"excerpt":{"rendered":"<p>Le Real Madrid souhaite faire revenir sa l\u00e9gende allemande, Toni Kroos, dans un nouveau r\u00f4le administratif et technique, afin de restructurer le club et de b\u00e9n\u00e9ficier de sa vaste exp\u00e9rience. Des discussions ont d\u00e9j\u00e0 eu lieu r\u00e9cemment entre les deux parties \u00e0 ce sujet. Le retour de Toni Kroos : des n\u00e9gociations s\u00e9rieuses pour un [&hellip;]<\/p>\n","protected":false},"author":2,"featured_media":81862,"comment_status":"closed","ping_status":"closed","sticky":false,"template":"","format":"standard","meta":{"sfio_featured_image":false,"sfio_embed_code":"","footnotes":""},"categories":[220,222],"tags":[],"class_list":["post-81864","post","type-post","status-publish","format-standard","has-post-thumbnail","hentry","category-la-liga-fr","category-real-madrid-fr"],"_links":{"self":[{"href":"https:\/\/www.fanzword.com\/fr\/wp-json\/wp\/v2\/posts\/81864","targetHints":{"allow":["GET"]}}],"collection":[{"href":"https:\/\/www.fanzword.com\/fr\/wp-json\/wp\/v2\/posts"}],"about":[{"href":"https:\/\/www.fanzword.com\/fr\/wp-json\/wp\/v2\/types\/post"}],"author":[{"embeddable":true,"href":"https:\/\/www.fanzword.com\/fr\/wp-json\/wp\/v2\/users\/2"}],"replies":[{"embeddable":true,"href":"https:\/\/www.fanzword.com\/fr\/wp-json\/wp\/v2\/comments?post=81864"}],"version-history":[{"count":1,"href":"https:\/\/www.fanzword.com\/fr\/wp-json\/wp\/v2\/posts\/81864\/revisions"}],"predecessor-version":[{"id":81865,"href":"https:\/\/www.fanzword.com\/fr\/wp-json\/wp\/v2\/posts\/81864\/revisions\/81865"}],"wp:featuredmedia":[{"embeddable":true,"href":"https:\/\/www.fanzword.com\/fr\/wp-json\/wp\/v2\/media\/81862"}],"wp:attachment":[{"href":"https:\/\/www.fanzword.com\/fr\/wp-json\/wp\/v2\/media?parent=81864"}],"wp:term":[{"taxonomy":"category","embeddable":true,"href":"https:\/\/www.fanzword.com\/fr\/wp-json\/wp\/v2\/categories?post=81864"},{"taxonomy":"post_tag","embeddable":true,"href":"https:\/\/www.fanzword.com\/fr\/wp-json\/wp\/v2\/tags?post=81864"}],"curies":[{"name":"wp","href":"https:\/\/api.w.org\/{rel}","templated":true}]}}