{"id":81844,"date":"2026-04-29T20:05:12","date_gmt":"2026-04-29T20:05:12","guid":{"rendered":"https:\/\/www.fanzword.com\/?p=81844"},"modified":"2026-04-29T20:05:12","modified_gmt":"2026-04-29T20:05:12","slug":"dybala-trouve-un-accord-avec-son-nouveau-club-et-quitte-leurope","status":"publish","type":"post","link":"https:\/\/www.fanzword.com\/fr\/dybala-trouve-un-accord-avec-son-nouveau-club-et-quitte-leurope\/","title":{"rendered":"Dybala trouve un accord avec son nouveau club et quitte l&rsquo;Europe"},"content":{"rendered":"<p>Le parcours de Paulo Dybala en Europe touche \u00e0 sa fin. La star de la Roma a d\u00e9cid\u00e9 de retourner en Argentine pour ce qui semble \u00eatre un dernier passage avant de prendre sa retraite.<\/p>\n<p>Le contrat du joueur de 31 ans avec les Giallorossi expire \u00e0 la fin de cette saison. La Roma a tent\u00e9 de le conserver, mais aucun accord n&rsquo;a \u00e9t\u00e9 trouv\u00e9 pour une prolongation.<\/p>\n<p>Selon la presse argentine, Dybala a finalis\u00e9 un accord avec Boca Juniors pour rejoindre le club \u00e0 partir de juillet prochain.<\/p>\n<p>Bien que Dybala ne soit pas issu du centre de formation de Boca Juniors, il est un fervent supporter du club. Il a estim\u00e9 que, compte tenu de son \u00e2ge et du manque d&rsquo;opportunit\u00e9s int\u00e9ressantes en Europe, il \u00e9tait pr\u00e9f\u00e9rable pour lui de retourner dans son pays natal apr\u00e8s la Coupe du Monde 2026 et d&rsquo;\u00e9crire un nouveau chapitre de sa carri\u00e8re.<\/p>\n<p>Dybala a pass\u00e9 14 ans en Italie, d\u00e9butant sa carri\u00e8re \u00e0 Palerme en 2012 apr\u00e8s son transfert d&rsquo;Instituto pour 11 millions d&rsquo;euros. Il a ensuite rejoint la Juventus en 2015 avant de signer \u00e0 la Roma en 2022, libre de tout contrat.<\/p>\n<p>Dybala vient de se remettre d&rsquo;une grave blessure au genou qui a n\u00e9cessit\u00e9 une op\u00e9ration en janvier dernier et esp\u00e8re retrouver sa meilleure forme afin d&rsquo;\u00eatre convoqu\u00e9 par le s\u00e9lectionneur Lionel Scaloni pour sa troisi\u00e8me Coupe du monde.<\/p>\n","protected":false},"excerpt":{"rendered":"<p>Le parcours de Paulo Dybala en Europe touche \u00e0 sa fin. La star de la Roma a d\u00e9cid\u00e9 de retourner en Argentine pour ce qui semble \u00eatre un dernier passage avant de prendre sa retraite. Le contrat du joueur de 31 ans avec les Giallorossi expire \u00e0 la fin de cette saison. La Roma a [&hellip;]<\/p>\n","protected":false},"author":2,"featured_media":81841,"comment_status":"closed","ping_status":"closed","sticky":false,"template":"","format":"standard","meta":{"sfio_featured_image":false,"sfio_embed_code":"","footnotes":""},"categories":[217],"tags":[],"class_list":["post-81844","post","type-post","status-publish","format-standard","has-post-thumbnail","hentry","category-serie-a-fr"],"_links":{"self":[{"href":"https:\/\/www.fanzword.com\/fr\/wp-json\/wp\/v2\/posts\/81844","targetHints":{"allow":["GET"]}}],"collection":[{"href":"https:\/\/www.fanzword.com\/fr\/wp-json\/wp\/v2\/posts"}],"about":[{"href":"https:\/\/www.fanzword.com\/fr\/wp-json\/wp\/v2\/types\/post"}],"author":[{"embeddable":true,"href":"https:\/\/www.fanzword.com\/fr\/wp-json\/wp\/v2\/users\/2"}],"replies":[{"embeddable":true,"href":"https:\/\/www.fanzword.com\/fr\/wp-json\/wp\/v2\/comments?post=81844"}],"version-history":[{"count":1,"href":"https:\/\/www.fanzword.com\/fr\/wp-json\/wp\/v2\/posts\/81844\/revisions"}],"predecessor-version":[{"id":81845,"href":"https:\/\/www.fanzword.com\/fr\/wp-json\/wp\/v2\/posts\/81844\/revisions\/81845"}],"wp:featuredmedia":[{"embeddable":true,"href":"https:\/\/www.fanzword.com\/fr\/wp-json\/wp\/v2\/media\/81841"}],"wp:attachment":[{"href":"https:\/\/www.fanzword.com\/fr\/wp-json\/wp\/v2\/media?parent=81844"}],"wp:term":[{"taxonomy":"category","embeddable":true,"href":"https:\/\/www.fanzword.com\/fr\/wp-json\/wp\/v2\/categories?post=81844"},{"taxonomy":"post_tag","embeddable":true,"href":"https:\/\/www.fanzword.com\/fr\/wp-json\/wp\/v2\/tags?post=81844"}],"curies":[{"name":"wp","href":"https:\/\/api.w.org\/{rel}","templated":true}]}}