{"id":81812,"date":"2026-04-29T16:35:01","date_gmt":"2026-04-29T16:35:01","guid":{"rendered":"https:\/\/www.fanzword.com\/?p=81812"},"modified":"2026-04-29T16:35:01","modified_gmt":"2026-04-29T16:35:01","slug":"coup-dur-pour-psg-hakimi-forfait-pour-le-choc-face-au-bayern-munich","status":"publish","type":"post","link":"https:\/\/www.fanzword.com\/fr\/coup-dur-pour-psg-hakimi-forfait-pour-le-choc-face-au-bayern-munich\/","title":{"rendered":"Coup dur pour PSG : Hakimi forfait pour le choc face au Bayern Munich"},"content":{"rendered":"<p>L&rsquo;\u00c9quipe rapporte qu&rsquo;Achraf Hakimi est incertain pour la demi-finale retour de Ligue des Champions entre le Paris Saint-Germain et le Bayern Munich.<\/p>\n<p>L&rsquo;international marocain avait disput\u00e9 le match aller mardi, mais s&rsquo;est bless\u00e9 dans les derni\u00e8res minutes. L&rsquo;entra\u00eeneur Luis Enrique n&rsquo;a pas pu le remplacer, ayant d\u00e9j\u00e0 effectu\u00e9 tous ses changements.<\/p>\n<p>Hakimi a pass\u00e9 des examens m\u00e9dicaux mercredi, et les premiers r\u00e9sultats laissent penser \u00e0 une grave \u00e9longation ou une d\u00e9chirure musculaire, ce qui compromet s\u00e9rieusement sa participation \u00e0 la rencontre \u00e0 l&rsquo;Allianz Arena.<\/p>\n<p>Le joueur de 28 ans devrait subir des examens compl\u00e9mentaires dans les prochaines heures afin de d\u00e9terminer la gravit\u00e9 de sa blessure et la dur\u00e9e de son indisponibilit\u00e9.<\/p>\n<p>Par ailleurs, Nuno Mendes et Xavi Krabartsigilia ont \u00e9galement pass\u00e9 des examens m\u00e9dicaux apr\u00e8s s&rsquo;\u00eatre plaints de douleurs suite au match. Cependant, leur situation diff\u00e8re de celle d&rsquo;Hakimi, puisqu&rsquo;il a \u00e9t\u00e9 confirm\u00e9 qu&rsquo;ils ne souffrent d&rsquo;aucun probl\u00e8me physique et seront disponibles pour le match retour.<\/p>\n<p>Le match aller au Parc des Princes s&rsquo;est sold\u00e9 par une victoire palpitante du PSG (5-4), la demi-finale de Ligue des Champions la plus prolifique de l&rsquo;histoire.<\/p>\n","protected":false},"excerpt":{"rendered":"<p>L&rsquo;\u00c9quipe rapporte qu&rsquo;Achraf Hakimi est incertain pour la demi-finale retour de Ligue des Champions entre le Paris Saint-Germain et le Bayern Munich. L&rsquo;international marocain avait disput\u00e9 le match aller mardi, mais s&rsquo;est bless\u00e9 dans les derni\u00e8res minutes. L&rsquo;entra\u00eeneur Luis Enrique n&rsquo;a pas pu le remplacer, ayant d\u00e9j\u00e0 effectu\u00e9 tous ses changements. Hakimi a pass\u00e9 des [&hellip;]<\/p>\n","protected":false},"author":2,"featured_media":81809,"comment_status":"closed","ping_status":"closed","sticky":false,"template":"","format":"standard","meta":{"sfio_featured_image":false,"sfio_embed_code":"","footnotes":""},"categories":[225,251,232],"tags":[],"class_list":["post-81812","post","type-post","status-publish","format-standard","has-post-thumbnail","hentry","category-bayern-munich-fr","category-ligue-des-champions","category-psg"],"_links":{"self":[{"href":"https:\/\/www.fanzword.com\/fr\/wp-json\/wp\/v2\/posts\/81812","targetHints":{"allow":["GET"]}}],"collection":[{"href":"https:\/\/www.fanzword.com\/fr\/wp-json\/wp\/v2\/posts"}],"about":[{"href":"https:\/\/www.fanzword.com\/fr\/wp-json\/wp\/v2\/types\/post"}],"author":[{"embeddable":true,"href":"https:\/\/www.fanzword.com\/fr\/wp-json\/wp\/v2\/users\/2"}],"replies":[{"embeddable":true,"href":"https:\/\/www.fanzword.com\/fr\/wp-json\/wp\/v2\/comments?post=81812"}],"version-history":[{"count":2,"href":"https:\/\/www.fanzword.com\/fr\/wp-json\/wp\/v2\/posts\/81812\/revisions"}],"predecessor-version":[{"id":81814,"href":"https:\/\/www.fanzword.com\/fr\/wp-json\/wp\/v2\/posts\/81812\/revisions\/81814"}],"wp:featuredmedia":[{"embeddable":true,"href":"https:\/\/www.fanzword.com\/fr\/wp-json\/wp\/v2\/media\/81809"}],"wp:attachment":[{"href":"https:\/\/www.fanzword.com\/fr\/wp-json\/wp\/v2\/media?parent=81812"}],"wp:term":[{"taxonomy":"category","embeddable":true,"href":"https:\/\/www.fanzword.com\/fr\/wp-json\/wp\/v2\/categories?post=81812"},{"taxonomy":"post_tag","embeddable":true,"href":"https:\/\/www.fanzword.com\/fr\/wp-json\/wp\/v2\/tags?post=81812"}],"curies":[{"name":"wp","href":"https:\/\/api.w.org\/{rel}","templated":true}]}}