{"id":81802,"date":"2026-04-29T16:31:08","date_gmt":"2026-04-29T16:31:08","guid":{"rendered":"https:\/\/www.fanzword.com\/?p=81802"},"modified":"2026-04-29T16:31:08","modified_gmt":"2026-04-29T16:31:08","slug":"les-chances-de-voir-zizo-manquer-le-derby-al-ahly-zamalek-augmentent","status":"publish","type":"post","link":"https:\/\/www.fanzword.com\/fr\/les-chances-de-voir-zizo-manquer-le-derby-al-ahly-zamalek-augmentent\/","title":{"rendered":"Les chances de voir Zizo manquer le derby Al Ahly-Zamalek augmentent"},"content":{"rendered":"<p>Selon les m\u00e9dias \u00e9gyptiens, la star d&rsquo;Al Ahly, Ahmed Sayed Zizo, sera tr\u00e8s probablement forfait pour le match de vendredi contre Zamalek en raison d&rsquo;une blessure.<\/p>\n<p>L&rsquo;international \u00e9gyptien a disput\u00e9 le dernier match d&rsquo;Al Ahly face \u00e0 Pyramids, lors de la lourde d\u00e9faite 3-0 des Diables Rouges.<\/p>\n<p>D&rsquo;apr\u00e8s les derni\u00e8res informations, le joueur de 30 ans souffre de douleurs aux ischio-jambiers et suit un programme de r\u00e9\u00e9ducation depuis quelques heures.<\/p>\n<p>Sa participation au match contre son ancien club reste incertaine, mais il est largement admis qu&rsquo;il ne jouera pas afin d&rsquo;\u00e9viter d&rsquo;aggraver sa blessure, ce qui pourrait le priver de la Coupe du Monde 2026.<\/p>\n<p>Depuis son arriv\u00e9e \u00e0 Al Ahly, Zizo a disput\u00e9 26 matchs toutes comp\u00e9titions confondues, inscrivant 4 buts et d\u00e9livrant 8 passes d\u00e9cisives.<\/p>\n<p>Ce match contre Zamalek est crucial pour Al Ahly. Une nouvelle d\u00e9faite signifierait officiellement la perte du titre de champion d&rsquo;\u00c9gypte pour les Diables Rouges, et les priverait de la Ligue des champions de la CAF pour la premi\u00e8re fois de leur histoire.<\/p>\n<p>Zamalek domine le classement du championnat \u00e9gyptien avec 50 points, trois points devant Pyramids (deuxi\u00e8me) et six points devant Al-Ahly (troisi\u00e8me), \u00e0 \u200b\u200btrois journ\u00e9es de la fin de la comp\u00e9tition.<\/p>\n","protected":false},"excerpt":{"rendered":"<p>Selon les m\u00e9dias \u00e9gyptiens, la star d&rsquo;Al Ahly, Ahmed Sayed Zizo, sera tr\u00e8s probablement forfait pour le match de vendredi contre Zamalek en raison d&rsquo;une blessure. L&rsquo;international \u00e9gyptien a disput\u00e9 le dernier match d&rsquo;Al Ahly face \u00e0 Pyramids, lors de la lourde d\u00e9faite 3-0 des Diables Rouges. D&rsquo;apr\u00e8s les derni\u00e8res informations, le joueur de 30 [&hellip;]<\/p>\n","protected":false},"author":2,"featured_media":81799,"comment_status":"closed","ping_status":"closed","sticky":false,"template":"","format":"standard","meta":{"sfio_featured_image":false,"sfio_embed_code":"","footnotes":""},"categories":[239,245],"tags":[],"class_list":["post-81802","post","type-post","status-publish","format-standard","has-post-thumbnail","hentry","category-el-ahly-fr","category-zamalek-fr"],"_links":{"self":[{"href":"https:\/\/www.fanzword.com\/fr\/wp-json\/wp\/v2\/posts\/81802","targetHints":{"allow":["GET"]}}],"collection":[{"href":"https:\/\/www.fanzword.com\/fr\/wp-json\/wp\/v2\/posts"}],"about":[{"href":"https:\/\/www.fanzword.com\/fr\/wp-json\/wp\/v2\/types\/post"}],"author":[{"embeddable":true,"href":"https:\/\/www.fanzword.com\/fr\/wp-json\/wp\/v2\/users\/2"}],"replies":[{"embeddable":true,"href":"https:\/\/www.fanzword.com\/fr\/wp-json\/wp\/v2\/comments?post=81802"}],"version-history":[{"count":1,"href":"https:\/\/www.fanzword.com\/fr\/wp-json\/wp\/v2\/posts\/81802\/revisions"}],"predecessor-version":[{"id":81803,"href":"https:\/\/www.fanzword.com\/fr\/wp-json\/wp\/v2\/posts\/81802\/revisions\/81803"}],"wp:featuredmedia":[{"embeddable":true,"href":"https:\/\/www.fanzword.com\/fr\/wp-json\/wp\/v2\/media\/81799"}],"wp:attachment":[{"href":"https:\/\/www.fanzword.com\/fr\/wp-json\/wp\/v2\/media?parent=81802"}],"wp:term":[{"taxonomy":"category","embeddable":true,"href":"https:\/\/www.fanzword.com\/fr\/wp-json\/wp\/v2\/categories?post=81802"},{"taxonomy":"post_tag","embeddable":true,"href":"https:\/\/www.fanzword.com\/fr\/wp-json\/wp\/v2\/tags?post=81802"}],"curies":[{"name":"wp","href":"https:\/\/api.w.org\/{rel}","templated":true}]}}