{"id":81780,"date":"2026-04-29T16:21:20","date_gmt":"2026-04-29T16:21:20","guid":{"rendered":"https:\/\/www.fanzword.com\/?p=81780"},"modified":"2026-04-29T16:21:20","modified_gmt":"2026-04-29T16:21:20","slug":"mourinho-a-propos-du-poste-au-real-madrid-je-ne-suis-pas-preoccupe-pour-le-moment","status":"publish","type":"post","link":"https:\/\/www.fanzword.com\/fr\/mourinho-a-propos-du-poste-au-real-madrid-je-ne-suis-pas-preoccupe-pour-le-moment\/","title":{"rendered":"Mourinho \u00e0 propos du poste au Real Madrid : \u00ab Je ne suis pas pr\u00e9occup\u00e9 pour le moment ! \u00bb"},"content":{"rendered":"<p>L&rsquo;entra\u00eeneur de Benfica, Jos\u00e9 Mourinho, a mis fin aux questions des journalistes concernant un \u00e9ventuel transfert au Real Madrid, soulignant qu&rsquo;il se concentrait actuellement uniquement sur son travail avec le club portugais et sur la fin de saison en beaut\u00e9.<\/p>\n<p>Les m\u00e9dias espagnols avaient annonc\u00e9 que Mourinho \u00e9tait le favori pour succ\u00e9der \u00e0 \u00c1lvaro Arbeloa \u00e0 la t\u00eate du Real Madrid, \u00e0 la demande du pr\u00e9sident Florentino P\u00e9rez.<\/p>\n<p>Interrog\u00e9 sur ces rumeurs, le \u00ab Special One \u00bb a r\u00e9pondu : \u00ab Mon prochain objectif est de qualifier Benfica pour la Ligue des Champions. \u00bb<\/p>\n<p>Il a ajout\u00e9 : \u00ab Si nous gagnons nos trois prochains matchs, nous disputerons la plus prestigieuse des comp\u00e9titions europ\u00e9ennes la saison prochaine. C&rsquo;est ma seule pr\u00e9occupation du moment. \u00bb<\/p>\n<p>Benfica affrontera Valmel\u00e7\u00e3o samedi prochain, puis le Sporting Braga, avant de conclure la saison contre Estoril le 16 ou le 17 mai.<\/p>\n<p>Benfica occupe la deuxi\u00e8me place du classement du championnat portugais avec 75 points. Si le Sporting Lisbonne remporte son match report\u00e9, les deux \u00e9quipes seront \u00e0 \u00e9galit\u00e9 pour une place qualificative en Ligue des champions avant les derni\u00e8res journ\u00e9es de la comp\u00e9tition.<\/p>\n","protected":false},"excerpt":{"rendered":"<p>L&rsquo;entra\u00eeneur de Benfica, Jos\u00e9 Mourinho, a mis fin aux questions des journalistes concernant un \u00e9ventuel transfert au Real Madrid, soulignant qu&rsquo;il se concentrait actuellement uniquement sur son travail avec le club portugais et sur la fin de saison en beaut\u00e9. Les m\u00e9dias espagnols avaient annonc\u00e9 que Mourinho \u00e9tait le favori pour succ\u00e9der \u00e0 \u00c1lvaro Arbeloa [&hellip;]<\/p>\n","protected":false},"author":2,"featured_media":81777,"comment_status":"closed","ping_status":"closed","sticky":false,"template":"","format":"standard","meta":{"sfio_featured_image":false,"sfio_embed_code":"","footnotes":""},"categories":[220,222],"tags":[],"class_list":["post-81780","post","type-post","status-publish","format-standard","has-post-thumbnail","hentry","category-la-liga-fr","category-real-madrid-fr"],"_links":{"self":[{"href":"https:\/\/www.fanzword.com\/fr\/wp-json\/wp\/v2\/posts\/81780","targetHints":{"allow":["GET"]}}],"collection":[{"href":"https:\/\/www.fanzword.com\/fr\/wp-json\/wp\/v2\/posts"}],"about":[{"href":"https:\/\/www.fanzword.com\/fr\/wp-json\/wp\/v2\/types\/post"}],"author":[{"embeddable":true,"href":"https:\/\/www.fanzword.com\/fr\/wp-json\/wp\/v2\/users\/2"}],"replies":[{"embeddable":true,"href":"https:\/\/www.fanzword.com\/fr\/wp-json\/wp\/v2\/comments?post=81780"}],"version-history":[{"count":1,"href":"https:\/\/www.fanzword.com\/fr\/wp-json\/wp\/v2\/posts\/81780\/revisions"}],"predecessor-version":[{"id":81781,"href":"https:\/\/www.fanzword.com\/fr\/wp-json\/wp\/v2\/posts\/81780\/revisions\/81781"}],"wp:featuredmedia":[{"embeddable":true,"href":"https:\/\/www.fanzword.com\/fr\/wp-json\/wp\/v2\/media\/81777"}],"wp:attachment":[{"href":"https:\/\/www.fanzword.com\/fr\/wp-json\/wp\/v2\/media?parent=81780"}],"wp:term":[{"taxonomy":"category","embeddable":true,"href":"https:\/\/www.fanzword.com\/fr\/wp-json\/wp\/v2\/categories?post=81780"},{"taxonomy":"post_tag","embeddable":true,"href":"https:\/\/www.fanzword.com\/fr\/wp-json\/wp\/v2\/tags?post=81780"}],"curies":[{"name":"wp","href":"https:\/\/api.w.org\/{rel}","templated":true}]}}