{"id":81758,"date":"2026-04-29T16:13:35","date_gmt":"2026-04-29T16:13:35","guid":{"rendered":"https:\/\/www.fanzword.com\/?p=81758"},"modified":"2026-04-29T16:13:35","modified_gmt":"2026-04-29T16:13:35","slug":"coup-dur-une-star-espagnole-pourrait-manquer-la-coupe-du-monde-2026","status":"publish","type":"post","link":"https:\/\/www.fanzword.com\/fr\/coup-dur-une-star-espagnole-pourrait-manquer-la-coupe-du-monde-2026\/","title":{"rendered":"Coup dur : une star espagnole pourrait manquer la Coupe du Monde 2026"},"content":{"rendered":"<p>L&rsquo;ailier d&rsquo;Osasuna, Victor Mu\u00f1oz, est confront\u00e9 \u00e0 un coup dur : une blessure pourrait le priver de la Coupe du Monde 2026 avec l&rsquo;\u00e9quipe nationale espagnole.<\/p>\n<p>Mu\u00f1oz, d&rsquo;origine catalane, est l&rsquo;un des nouveaux venus dans la s\u00e9lection de Luis de la Fuente, apr\u00e8s ses performances impressionnantes avec Osasuna en Liga cette saison.<\/p>\n<p>Le journal Mundo Deportivo rapporte que Mu\u00f1oz souffre d&rsquo;une blessure au mollet qui le tiendra \u00e9loign\u00e9 des terrains jusqu&rsquo;\u00e0 la fin de la saison. Son retour en s\u00e9lection pour la Coupe du Monde aux \u00c9tats-Unis, au Canada et au Mexique est incertain.<\/p>\n<p>L&rsquo;ancien ailier du Real Madrid a rejoint l&rsquo;\u00e9quipe nationale espagnole lors de la derni\u00e8re tr\u00eave internationale et a disput\u00e9 les matchs contre la Serbie et l&rsquo;\u00c9gypte. Il \u00e9tait pressenti pour \u00eatre s\u00e9lectionn\u00e9 par de la Fuente pour la Coupe du Monde, mais cette blessure compromet d\u00e9sormais ses chances.<\/p>\n<p>Le joueur de 21 ans nourrit de grands espoirs de participer \u00e0 la Coupe du Monde et on estime qu&rsquo;il lui faudra un mois de convalescence. Esp\u00e9rons que cela suffira \u00e0 convaincre De la Fuente de le s\u00e9lectionner et de le pr\u00e9parer progressivement pour la Roja lors de la comp\u00e9tition.<\/p>\n<p>Mu\u00f1oz a disput\u00e9 35 matchs toutes comp\u00e9titions confondues cette saison avec Osasuna, inscrivant six buts et d\u00e9livrant cinq passes d\u00e9cisives. Il a \u00e9galement marqu\u00e9 son premier but en s\u00e9lection lors d&rsquo;un match amical contre la Serbie en mars dernier.<\/p>\n<p>Ces derni\u00e8res semaines, le Real Madrid aurait manifest\u00e9 son int\u00e9r\u00eat pour un retour de son ancien joueur, et il figure \u00e9galement parmi les cibles du FC Barcelone cet \u00e9t\u00e9.<\/p>\n","protected":false},"excerpt":{"rendered":"<p>L&rsquo;ailier d&rsquo;Osasuna, Victor Mu\u00f1oz, est confront\u00e9 \u00e0 un coup dur : une blessure pourrait le priver de la Coupe du Monde 2026 avec l&rsquo;\u00e9quipe nationale espagnole. Mu\u00f1oz, d&rsquo;origine catalane, est l&rsquo;un des nouveaux venus dans la s\u00e9lection de Luis de la Fuente, apr\u00e8s ses performances impressionnantes avec Osasuna en Liga cette saison. Le journal Mundo [&hellip;]<\/p>\n","protected":false},"author":2,"featured_media":81756,"comment_status":"closed","ping_status":"closed","sticky":false,"template":"","format":"standard","meta":{"sfio_featured_image":false,"sfio_embed_code":"","footnotes":""},"categories":[220],"tags":[],"class_list":["post-81758","post","type-post","status-publish","format-standard","has-post-thumbnail","hentry","category-la-liga-fr"],"_links":{"self":[{"href":"https:\/\/www.fanzword.com\/fr\/wp-json\/wp\/v2\/posts\/81758","targetHints":{"allow":["GET"]}}],"collection":[{"href":"https:\/\/www.fanzword.com\/fr\/wp-json\/wp\/v2\/posts"}],"about":[{"href":"https:\/\/www.fanzword.com\/fr\/wp-json\/wp\/v2\/types\/post"}],"author":[{"embeddable":true,"href":"https:\/\/www.fanzword.com\/fr\/wp-json\/wp\/v2\/users\/2"}],"replies":[{"embeddable":true,"href":"https:\/\/www.fanzword.com\/fr\/wp-json\/wp\/v2\/comments?post=81758"}],"version-history":[{"count":1,"href":"https:\/\/www.fanzword.com\/fr\/wp-json\/wp\/v2\/posts\/81758\/revisions"}],"predecessor-version":[{"id":81759,"href":"https:\/\/www.fanzword.com\/fr\/wp-json\/wp\/v2\/posts\/81758\/revisions\/81759"}],"wp:featuredmedia":[{"embeddable":true,"href":"https:\/\/www.fanzword.com\/fr\/wp-json\/wp\/v2\/media\/81756"}],"wp:attachment":[{"href":"https:\/\/www.fanzword.com\/fr\/wp-json\/wp\/v2\/media?parent=81758"}],"wp:term":[{"taxonomy":"category","embeddable":true,"href":"https:\/\/www.fanzword.com\/fr\/wp-json\/wp\/v2\/categories?post=81758"},{"taxonomy":"post_tag","embeddable":true,"href":"https:\/\/www.fanzword.com\/fr\/wp-json\/wp\/v2\/tags?post=81758"}],"curies":[{"name":"wp","href":"https:\/\/api.w.org\/{rel}","templated":true}]}}